{"id":1044,"date":"2017-04-28T12:13:47","date_gmt":"2017-04-28T10:13:47","guid":{"rendered":"https:\/\/ambchisinau.esteri.it\/news\/dall_ambasciata\/2017\/04\/annullamento-del-referendum-previsto\/"},"modified":"2017-04-28T12:13:47","modified_gmt":"2017-04-28T10:13:47","slug":"annullamento-del-referendum-previsto","status":"publish","type":"post","link":"https:\/\/ambchisinau.esteri.it\/it\/news\/dall_ambasciata\/2017\/04\/annullamento-del-referendum-previsto\/","title":{"rendered":"Annullamento del Referendum previsto per il 28 maggio da parte della Corte di Cassazione"},"content":{"rendered":"<p>Si informa che, con Ordinanza del 27 aprile 2017, la Corte di Cassazione ha disposto che i referenda sull&#8217;abrogazione delle disposizioni limitative della responsabilit\u00e0 solidale in tema di appalti e sull&#8217;abrogazione delle disposizioni sul lavoro accessorio (voucher) non debbano pi\u00f9 avere corso.<\/p>\n<p>Pertanto, <span style=\"text-decoration: underline;\">la consultazione referendaria prevista per il 28 maggio non avr\u00e0 luogo.<\/span><\/p>\n","protected":false},"excerpt":{"rendered":"Si informa che, con Ordinanza del 27 aprile 2017, la Corte di Cassazione ha disposto che i referenda sull&#8217;abrogazione delle disposizioni limitative della responsabilit\u00e0 solidale in tema di appalti e sull&#8217;abrogazione delle disposizioni sul lavoro accessorio (voucher) non debbano pi\u00f9 avere corso. Pertanto, la consultazione referendaria prevista per il 28 maggio non avr\u00e0 luogo.","protected":false},"author":1,"featured_media":0,"comment_status":"","ping_status":"","sticky":false,"template":"","format":"standard","meta":{"footnotes":""},"tags":[],"class_list":["post-1044","post","type-post","status-publish","format-standard","hentry"],"_links":{"self":[{"href":"https:\/\/ambchisinau.esteri.it\/it\/wp-json\/wp\/v2\/posts\/1044","targetHints":{"allow":["GET"]}}],"collection":[{"href":"https:\/\/ambchisinau.esteri.it\/it\/wp-json\/wp\/v2\/posts"}],"about":[{"href":"https:\/\/ambchisinau.esteri.it\/it\/wp-json\/wp\/v2\/types\/post"}],"author":[{"embeddable":true,"href":"https:\/\/ambchisinau.esteri.it\/it\/wp-json\/wp\/v2\/users\/1"}],"replies":[{"embeddable":true,"href":"https:\/\/ambchisinau.esteri.it\/it\/wp-json\/wp\/v2\/comments?post=1044"}],"version-history":[{"count":0,"href":"https:\/\/ambchisinau.esteri.it\/it\/wp-json\/wp\/v2\/posts\/1044\/revisions"}],"wp:attachment":[{"href":"https:\/\/ambchisinau.esteri.it\/it\/wp-json\/wp\/v2\/media?parent=1044"}],"wp:term":[{"taxonomy":"post_tag","embeddable":true,"href":"https:\/\/ambchisinau.esteri.it\/it\/wp-json\/wp\/v2\/tags?post=1044"}],"curies":[{"name":"wp","href":"https:\/\/api.w.org\/{rel}","templated":true}]}}