{"id":1126,"date":"2015-01-19T10:41:34","date_gmt":"2015-01-19T08:41:34","guid":{"rendered":"https:\/\/ambchisinau.esteri.it\/news\/dall_ambasciata\/2015\/01\/xxxii-seminario-internazionale-architettura\/"},"modified":"2015-01-19T10:41:34","modified_gmt":"2015-01-19T08:41:34","slug":"xxxii-seminario-internazionale-architettura","status":"publish","type":"post","link":"https:\/\/ambchisinau.esteri.it\/it\/news\/dall_ambasciata\/2015\/01\/xxxii-seminario-internazionale-architettura\/","title":{"rendered":"XXXII\u00b0 SEMINARIO ESTIVO INTERNAZIONALE TEORICO-PRATICO DI ARCHITETTURA, ARCHEOLOGIA MEDIEVALE E ARTIGIANATO, LAVORAZIONE PIETRA"},"content":{"rendered":"<p>Si informa che l&#8217;<STRONG>Istituto per la Ricostruzione dei Castelli Medioevali di Chucco-Zucco e Cucagna<\/STRONG> organizzer\u00e0 a <STRONG>Faedis<\/STRONG> (UD) <STRONG>dal 13 al 19 aprile 2015<\/STRONG> la\u00a0seconda parte del <STRONG><EM>XXXII\u00b0 &#8220;Seminario Estivo Internazionale di Architettura, Archeologia e Artigianato Medioevale e Lavorazione della Pietra&#8221;<\/EM><\/STRONG>, cui potranno partecipare giovani professionisti e studenti di architettura, archeologia, ingegneria, storia dell&#8217;arte, nonch\u00e9 artisti ed artigiani dell&#8217;area Centro Europea e Mediterranea. <BR><BR>La finalit\u00e0 della manifestazione \u00e8 di sviluppare uno scambio di esperienze tra giovani studenti e professionisti dei settori suindicati, coinvolgendoli nelle tecniche e nei lavori di restauro del Castello di Cucagna presso Faedis (UDINE). <BR><BR>La quota di partecipazione, pari a <STRONG>Euro 350<\/STRONG>, sar\u00e0 <U>a carico dei partecipanti<\/U>. Si allega la\u00a0<A href=\"\/resource\/2015\/01\/38896_f_IRCC_STONE_CARVING_EN_mail1.pdf\"><STRONG>Scheda informativa Laboratorio Lavorazione Pietra &#8211; ENG.pdf<\/STRONG><\/A>\u00a0e la <A href=\"\/resource\/2015\/01\/38897_f_IRCC_WICKER_WEAVING_EN_mail.pdf\"><STRONG>Scheda informativa Laboratorio Intreccio &#8211; ENG.pdf<\/STRONG><\/A><\/p>\n","protected":false},"excerpt":{"rendered":"Si informa che l&#8217;Istituto per la Ricostruzione dei Castelli Medioevali di Chucco-Zucco e Cucagna organizzer\u00e0 a Faedis (UD) dal 13 al 19 aprile 2015 la\u00a0seconda parte del XXXII\u00b0 &#8220;Seminario Estivo Internazionale di Architettura, Archeologia e Artigianato Medioevale e Lavorazione della Pietra&#8221;, cui potranno partecipare giovani professionisti e studenti di architettura, archeologia, ingegneria, storia dell&#8217;arte, nonch\u00e9 [&hellip;]","protected":false},"author":1,"featured_media":0,"comment_status":"","ping_status":"","sticky":false,"template":"","format":"standard","meta":{"footnotes":""},"tags":[],"class_list":["post-1126","post","type-post","status-publish","format-standard","hentry"],"_links":{"self":[{"href":"https:\/\/ambchisinau.esteri.it\/it\/wp-json\/wp\/v2\/posts\/1126","targetHints":{"allow":["GET"]}}],"collection":[{"href":"https:\/\/ambchisinau.esteri.it\/it\/wp-json\/wp\/v2\/posts"}],"about":[{"href":"https:\/\/ambchisinau.esteri.it\/it\/wp-json\/wp\/v2\/types\/post"}],"author":[{"embeddable":true,"href":"https:\/\/ambchisinau.esteri.it\/it\/wp-json\/wp\/v2\/users\/1"}],"replies":[{"embeddable":true,"href":"https:\/\/ambchisinau.esteri.it\/it\/wp-json\/wp\/v2\/comments?post=1126"}],"version-history":[{"count":0,"href":"https:\/\/ambchisinau.esteri.it\/it\/wp-json\/wp\/v2\/posts\/1126\/revisions"}],"wp:attachment":[{"href":"https:\/\/ambchisinau.esteri.it\/it\/wp-json\/wp\/v2\/media?parent=1126"}],"wp:term":[{"taxonomy":"post_tag","embeddable":true,"href":"https:\/\/ambchisinau.esteri.it\/it\/wp-json\/wp\/v2\/tags?post=1126"}],"curies":[{"name":"wp","href":"https:\/\/api.w.org\/{rel}","templated":true}]}}