{"id":1129,"date":"2015-01-09T07:22:26","date_gmt":"2015-01-09T05:22:26","guid":{"rendered":"https:\/\/ambchisinau.esteri.it\/news\/dall_ambasciata\/2015\/01\/made-in-moldova\/"},"modified":"2015-01-09T07:22:26","modified_gmt":"2015-01-09T05:22:26","slug":"made-in-moldova","status":"publish","type":"post","link":"https:\/\/ambchisinau.esteri.it\/it\/news\/dall_ambasciata\/2015\/01\/made-in-moldova\/","title":{"rendered":"Invito a partecipare alla fiera &#8220;MADE IN MOLDOVA&#8221;, 28 gennaio &#8211; 1 febbraio 2015, Chisinau"},"content":{"rendered":"<p><P class=\"MsoNormal\" style=\"MARGIN: 0cm 0cm 10pt\"><SPAN style='FONT-SIZE: 8pt; FONT-FAMILY: \"Verdana\",\"sans-serif\"; LINE-HEIGHT: 115%'><FONT color=\"#000000\">La Camera di Commercio ed Industria della Repubblica di Moldova ha comunicato lo svolgimento della XVI edizione della manifestazione nazionale \u201c<STRONG><A id=\"Made in Moldova\" title=\"Made in Moldova\" href=\"http:\/\/chamber.md\/ro\/activitatea-expozi\u0163ional\u0103\/1332-edi\u0163ia-a-xiv-a-a-expozi\u0163iei-na\u0163ionale-\u201efabricat-\u00een-moldova\u201d\" name=\"Made in Moldova\">MADE IN MOLDOVA<\/A><\/STRONG><\/FONT><FONT color=\"#000000\">\u201d, che avr\u00e0 luogo a <\/FONT><B style=\"mso-bidi-font-weight: normal\"><FONT color=\"#000000\">Chisinau<\/FONT><\/B><FONT color=\"#000000\">, presso il Centro Internazionale di Esposizione &#8220;<STRONG><A id=\"Moldexpo\" title=\"Moldexpo\" href=\"http:\/\/en.moldexpo.md\/\" name=\"Moldexpo\">Moldexpo<\/A><\/STRONG>\u201c (str. Ghioceilor, 1) nel periodo <\/FONT><B style=\"mso-bidi-font-weight: normal\"><FONT color=\"#000000\">28 gennaio \u2013 1\u00b0 febbraio 2015<\/FONT><\/B><FONT color=\"#000000\">.<?xml:namespace prefix = \"o\" ns = \"urn:schemas-microsoft-com:office:office\" \/><o:p><\/o:p><\/FONT><\/SPAN><\/P><P class=\"MsoNormal\" style=\"MARGIN: 0cm 0cm 10pt\"><SPAN style='FONT-SIZE: 8pt; FONT-FAMILY: \"Verdana\",\"sans-serif\"; LINE-HEIGHT: 115%'><FONT color=\"#000000\">La manifestazione, organizzata sotto l\u2019alto Patrocinio del Governo della Repubblica di Moldova, costituisce da anni la pi\u00f9 prestigiosa manifestazione del Paese, illustrando i principali aspetti e risultati dell\u2019economia nazionale.<o:p><\/o:p><\/FONT><\/SPAN><\/P><br \/>\n<P class=\"MsoNormal\" style=\"MARGIN: 0cm 0cm 10pt\"><SPAN style='FONT-SIZE: 8pt; FONT-FAMILY: \"Verdana\",\"sans-serif\"; LINE-HEIGHT: 115%'><FONT color=\"#000000\">In tale contesto, la Camera di Commercio ed Industria della Repubblica di Moldova invita gli <STRONG>imprenditori italiani<\/STRONG> ad avvalersi della opportunit\u00e0 di visitare la predetta esposizione, considerata annualmente la pi\u00f9 importante del settore in Moldova.<o:p><\/o:p><\/FONT><\/SPAN><\/P><br \/>\n<P class=\"MsoNormal\" style=\"MARGIN: 0cm 0cm 10pt\"><SPAN style='FONT-SIZE: 8pt; FONT-FAMILY: \"Verdana\",\"sans-serif\"; LINE-HEIGHT: 115%'><FONT color=\"#000000\">Coloro che fossero interessati a ricevere ulteriori informazioni o chiarimenti in merito all\u2019evento, potranno prendere<\/FONT><SPAN style=\"mso-spacerun: yes\"><FONT color=\"#000000\">\u00a0 <\/FONT><\/SPAN><FONT color=\"#000000\">contatto<\/FONT><SPAN style=\"mso-spacerun: yes\"><FONT color=\"#000000\">\u00a0 <\/FONT><\/SPAN><FONT color=\"#000000\">con <\/FONT><B style=\"mso-bidi-font-weight: normal\"><FONT color=\"#000000\">Mr Mihai Bilba<\/FONT><\/B><FONT color=\"#000000\">, Capo del Dipartimento per la Relazioni Internazionali della predetta Camera di Commercio ed Industria (tel +373 22 235332, fax + 373 22 221391, e-mail: bilba<\/FONT><\/SPAN><SPAN style='FONT-SIZE: 8pt; FONT-FAMILY: \"Verdana\",\"sans-serif\"; COLOR: black; LINE-HEIGHT: 115%; mso-bidi-font-family: Tahoma'>@chamber.md)<\/SPAN><SPAN style='FONT-SIZE: 8pt; FONT-FAMILY: \"Verdana\",\"sans-serif\"; LINE-HEIGHT: 115%'><FONT color=\"#000000\"> <\/FONT><o:p><\/o:p><\/SPAN><\/P><\/p>\n","protected":false},"excerpt":{"rendered":"La Camera di Commercio ed Industria della Repubblica di Moldova ha comunicato lo svolgimento della XVI edizione della manifestazione nazionale \u201cMADE IN MOLDOVA\u201d, che avr\u00e0 luogo a Chisinau, presso il Centro Internazionale di Esposizione &#8220;Moldexpo\u201c (str. Ghioceilor, 1) nel periodo 28 gennaio \u2013 1\u00b0 febbraio 2015.La manifestazione, organizzata sotto l\u2019alto Patrocinio del Governo della Repubblica [&hellip;]","protected":false},"author":1,"featured_media":0,"comment_status":"","ping_status":"","sticky":false,"template":"","format":"standard","meta":{"footnotes":""},"tags":[],"class_list":["post-1129","post","type-post","status-publish","format-standard","hentry"],"_links":{"self":[{"href":"https:\/\/ambchisinau.esteri.it\/it\/wp-json\/wp\/v2\/posts\/1129","targetHints":{"allow":["GET"]}}],"collection":[{"href":"https:\/\/ambchisinau.esteri.it\/it\/wp-json\/wp\/v2\/posts"}],"about":[{"href":"https:\/\/ambchisinau.esteri.it\/it\/wp-json\/wp\/v2\/types\/post"}],"author":[{"embeddable":true,"href":"https:\/\/ambchisinau.esteri.it\/it\/wp-json\/wp\/v2\/users\/1"}],"replies":[{"embeddable":true,"href":"https:\/\/ambchisinau.esteri.it\/it\/wp-json\/wp\/v2\/comments?post=1129"}],"version-history":[{"count":0,"href":"https:\/\/ambchisinau.esteri.it\/it\/wp-json\/wp\/v2\/posts\/1129\/revisions"}],"wp:attachment":[{"href":"https:\/\/ambchisinau.esteri.it\/it\/wp-json\/wp\/v2\/media?parent=1129"}],"wp:term":[{"taxonomy":"post_tag","embeddable":true,"href":"https:\/\/ambchisinau.esteri.it\/it\/wp-json\/wp\/v2\/tags?post=1129"}],"curies":[{"name":"wp","href":"https:\/\/api.w.org\/{rel}","templated":true}]}}