{"id":1153,"date":"2014-08-01T07:22:02","date_gmt":"2014-08-01T05:22:02","guid":{"rendered":"https:\/\/ambchisinau.esteri.it\/news\/dall_ambasciata\/2014\/08\/preiscrizioni-2014-15-visti\/"},"modified":"2014-08-01T07:22:02","modified_gmt":"2014-08-01T05:22:02","slug":"preiscrizioni-2014-15-visti","status":"publish","type":"post","link":"https:\/\/ambchisinau.esteri.it\/it\/news\/dall_ambasciata\/2014\/08\/preiscrizioni-2014-15-visti\/","title":{"rendered":"PREISCRIZIONI UNIVERSITARIE 2014-2015 &#8211; NORME PER IL RILASCIO DEL VISTO DI INGRESSO IN ITALIA PER MOTIVI DI STUDIO"},"content":{"rendered":"<p><DIV id=\"phNewsTxtTitolo\"><br \/>\n<P style=\"TEXT-ALIGN: center\"><SPAN style=\"FONT-FAMILY: Verdana; COLOR: navy; FONT-SIZE: 8pt\"><\/SPAN><\/P><SPAN style=\"FONT-FAMILY: Verdana; COLOR: navy; FONT-SIZE: 8pt\"><br \/>\n<P style=\"MARGIN: 0cm 0cm 0pt\" class=\"MsoNormal\"><FONT color=\"#000000\"><SPAN style=\"FONT-FAMILY: Verdana; FONT-SIZE: 8pt; mso-ansi-language: RO\" lang=\"RO\">Gli studenti che hanno presentato la domanda di preiscrizione universitaria per l&#8217;anno accademico <STRONG><SPAN style=\"FONT-FAMILY: Verdana\">2014-2015 <\/SPAN><\/STRONG>e sono stati <STRONG><SPAN style=\"FONT-FAMILY: Verdana\">ammessi<\/SPAN><\/STRONG> a partecipare alle prove di selezione per i corsi universitari, dovranno presentarsi presso questa Ambasciata per consegnare la richiesta di visto per studio\/universit\u00e0 corredata della prevista documentazione.<BR><BR>La domanda di visto potr\u00e0 essere presentata a partire dalla data che sar\u00e0 stabilita da questa Ambasciata e comunicata via e-mail a ciascuno studente.\u00a0<\/SPAN><SPAN style=\"FONT-FAMILY: Verdana; FONT-SIZE: 9pt; mso-ansi-language: RO\" lang=\"RO\">\u00a0<\/SPAN><\/FONT><\/P><br \/>\n<P style=\"MARGIN: 0cm 0cm 0pt\" class=\"MsoNormal\"><FONT color=\"#000000\"><SPAN style=\"FONT-FAMILY: Verdana; FONT-SIZE: 9pt; mso-ansi-language: RO\" lang=\"RO\"><?xml:namespace prefix = \"o\" ns = \"urn:schemas-microsoft-com:office:office\" \/><o:p><\/o:p><\/SPAN><\/FONT>\u00a0<\/P><SPAN style=\"FONT-FAMILY: Verdana; FONT-SIZE: 8pt; mso-ansi-language: RO; mso-fareast-font-family: 'Times New Roman'; mso-bidi-font-family: 'Times New Roman'; mso-fareast-language: IT; mso-bidi-language: AR-SA\" lang=\"RO\"><FONT color=\"#000000\">Tutta la documentazione richiesta deve essere <STRONG><U><SPAN style=\"FONT-FAMILY: Verdana\">completa<\/SPAN><\/U><\/STRONG> all&#8217;atto della presentazione.<BR><BR>Clicca per sapere quali sono le <A href=\"\/resource\/2014\/08\/34809_f_avvisovistopdf.pdf\"><STRONG>NORME PER IL RILASCIO DEL VISTO DI INGRESSO PER MOTIVI DI STUDIO<\/STRONG><\/A><\/FONT><\/SPAN><\/DIV><\/SPAN><\/p>\n","protected":false},"excerpt":{"rendered":"Gli studenti che hanno presentato la domanda di preiscrizione universitaria per l&#8217;anno accademico 2014-2015 e sono stati ammessi a partecipare alle prove di selezione per i corsi universitari, dovranno presentarsi presso questa Ambasciata per consegnare la richiesta di visto per studio\/universit\u00e0 corredata della prevista documentazione.La domanda di visto potr\u00e0 essere presentata a partire dalla data [&hellip;]","protected":false},"author":1,"featured_media":0,"comment_status":"","ping_status":"","sticky":false,"template":"","format":"standard","meta":{"footnotes":""},"tags":[],"class_list":["post-1153","post","type-post","status-publish","format-standard","hentry"],"_links":{"self":[{"href":"https:\/\/ambchisinau.esteri.it\/it\/wp-json\/wp\/v2\/posts\/1153","targetHints":{"allow":["GET"]}}],"collection":[{"href":"https:\/\/ambchisinau.esteri.it\/it\/wp-json\/wp\/v2\/posts"}],"about":[{"href":"https:\/\/ambchisinau.esteri.it\/it\/wp-json\/wp\/v2\/types\/post"}],"author":[{"embeddable":true,"href":"https:\/\/ambchisinau.esteri.it\/it\/wp-json\/wp\/v2\/users\/1"}],"replies":[{"embeddable":true,"href":"https:\/\/ambchisinau.esteri.it\/it\/wp-json\/wp\/v2\/comments?post=1153"}],"version-history":[{"count":0,"href":"https:\/\/ambchisinau.esteri.it\/it\/wp-json\/wp\/v2\/posts\/1153\/revisions"}],"wp:attachment":[{"href":"https:\/\/ambchisinau.esteri.it\/it\/wp-json\/wp\/v2\/media?parent=1153"}],"wp:term":[{"taxonomy":"post_tag","embeddable":true,"href":"https:\/\/ambchisinau.esteri.it\/it\/wp-json\/wp\/v2\/tags?post=1153"}],"curies":[{"name":"wp","href":"https:\/\/api.w.org\/{rel}","templated":true}]}}