{"id":1156,"date":"2014-07-22T07:29:49","date_gmt":"2014-07-22T05:29:49","guid":{"rendered":"https:\/\/ambchisinau.esteri.it\/news\/dall_ambasciata\/2014\/07\/bando-di-gara-appalto-miepo\/"},"modified":"2014-07-22T07:29:49","modified_gmt":"2014-07-22T05:29:49","slug":"bando-di-gara-appalto-miepo","status":"publish","type":"post","link":"https:\/\/ambchisinau.esteri.it\/it\/news\/dall_ambasciata\/2014\/07\/bando-di-gara-appalto-miepo\/","title":{"rendered":"BANDO DI GARA PER L&#8217;ASSEGNAZIONE DI UN APPALTO PER LA COSTRUZIONE DEL PADIGLIONE DELLA REPUBBLICA MOLDOVA PER L&#8217;EXPO UNIVERSALE MILANO 2015"},"content":{"rendered":"<p><P class=\"MsoNormal\" style=\"TEXT-ALIGN: justify; MARGIN: 1.4pt 0cm\"><B style=\"mso-bidi-font-weight: normal\"><SPAN lang=\"EN-US\" style='FONT-SIZE: 8pt; FONT-FAMILY: \"Verdana\",\"sans-serif\"; LINE-HEIGHT: 115%; mso-fareast-font-family: \"Times New Roman\"'><FONT color=\"#000000\"><IMG style=\"HEIGHT: 16px; WIDTH: 19px\" border=\"0\" alt=\"eng\" src=\"\/resource\/2014\/07\/34427_f_engl.png\" width=\"29\" height=\"30\">\u00a0<BR><BR>Press release MIEPO<\/FONT><\/SPAN><\/B><\/P><P class=\"MsoNormal\" style=\"TEXT-ALIGN: justify; MARGIN: 1.4pt 0cm\"><B style=\"mso-bidi-font-weight: normal\"><SPAN lang=\"EN-US\" style='FONT-SIZE: 8pt; FONT-FAMILY: \"Verdana\",\"sans-serif\"; LINE-HEIGHT: 115%; mso-fareast-font-family: \"Times New Roman\"'><FONT color=\"#000000\">Moldovan Investment and Export Promotion Organization announced competition for the construction of Moldova Pavilion at the World Expo \u201cMilano-2015\u201d<\/FONT><FONT color=\"#000000\"><SPAN style=\"mso-spacerun: yes\">\u00a0 <\/SPAN><?xml:namespace prefix = \"o\" ns = \"urn:schemas-microsoft-com:office:office\" \/><o:p><\/o:p><\/FONT><\/SPAN><\/B><\/P><br \/>\n<P class=\"MsoNormal\" style=\"TEXT-ALIGN: justify; MARGIN: 1.4pt 0cm\"><B style=\"mso-bidi-font-weight: normal\"><SPAN lang=\"EN-US\" style='FONT-SIZE: 8pt; FONT-FAMILY: \"Verdana\",\"sans-serif\"; LINE-HEIGHT: 115%; mso-fareast-font-family: \"Times New Roman\"'><o:p><FONT color=\"#000000\">\u00a0<\/FONT><\/o:p><\/SPAN><\/B><\/P><br \/>\n<P class=\"MsoNormal\" style=\"TEXT-ALIGN: justify; MARGIN: 1.4pt 0cm\"><FONT color=\"#000000\"><SPAN lang=\"EN-US\" style='FONT-SIZE: 8pt; FONT-FAMILY: \"Verdana\",\"sans-serif\"; LINE-HEIGHT: 115%; mso-fareast-font-family: \"Times New Roman\"'>Moldovan Investment and Export Promotion Organization (MIEPO) announced a public tender for selection of an entrepreneur for construction of the National Pavilion at the World Expo \u201cMilano-2015\u201d. The competition may attend any entrepreneur, resident or non-resident, authorized with permission of construction in Italy.<\/SPAN><SPAN lang=\"EN-US\" style='FONT-SIZE: 8pt; FONT-FAMILY: \"Verdana\",\"sans-serif\"; LINE-HEIGHT: 115%'><o:p><\/o:p><\/SPAN><\/FONT><\/P><br \/>\n<P class=\"MsoNormal\" style=\"TEXT-ALIGN: justify; MARGIN: 0cm 0cm 10pt; tab-stops: 36.0pt 90.0pt 126.0pt 162.0pt 198.0pt 234.0pt 270.0pt 306.0pt 342.0pt 378.0pt 414.0pt 450.0pt\"><SPAN lang=\"EN-US\" style='FONT-SIZE: 8pt; FONT-FAMILY: \"Verdana\",\"sans-serif\"; LINE-HEIGHT: 115%'><FONT color=\"#000000\">The set of documents may be obtained after the application for participation (indicating clearly the name, address, contact telephone number and the person authorized by the Participant) to the e-mail <\/FONT><A href=\"mailto:nadejda.florea@miepo.md\"><FONT color=\"#0000ff\">nadejda.florea@miepo.md<\/FONT><\/A><FONT color=\"#000000\">.<BR><\/FONT><\/SPAN><SPAN lang=\"EN-US\" style='FONT-SIZE: 8pt; FONT-FAMILY: \"Verdana\",\"sans-serif\"; LINE-HEIGHT: 115%; mso-fareast-font-family: \"Times New Roman\"'><FONT color=\"#000000\">Specifications may be obtained for a fee of 200 MDL (lei). Payment shall be made by transfer to the address of Moldovan Investment and Export Promotion Organization. <BR><BR><\/FONT><\/SPAN><SPAN lang=\"EN-US\" style='FONT-SIZE: 8pt; FONT-FAMILY: \"Verdana\",\"sans-serif\"; LINE-HEIGHT: 115%; mso-fareast-font-family: \"Times New Roman\"'><FONT color=\"#000000\">Interested companies can submit their offers, until <STRONG>14 August 2014<\/STRONG>.<o:p><\/o:p><\/FONT><\/SPAN><\/P><br \/>\n<P class=\"MsoNormal\" style=\"TEXT-ALIGN: justify; MARGIN: 0cm 0cm 0pt\"><SPAN lang=\"EN-US\" style='FONT-SIZE: 8pt; FONT-FAMILY: \"Verdana\",\"sans-serif\"; LINE-HEIGHT: 115%; mso-fareast-font-family: \"Times New Roman\"'><FONT color=\"#000000\">We recall that the Republic of Moldova participates for the first time with its own pavilion at a world exhibition. At the World Exhibition in Hannover and Shanghai, Moldova participated in the joint pavilions with other countries. Construction of an own pavilion is an ambitious objective, but one that will benefit the Republic of Moldova including site location, and will allow the country to fully participate in the World Expo.<o:p><\/o:p><\/FONT><\/SPAN><\/P><br \/>\n<P class=\"MsoNormal\" style=\"TEXT-ALIGN: justify; MARGIN: 0cm 0cm 0pt\"><SPAN lang=\"EN-US\" style='FONT-SIZE: 8pt; FONT-FAMILY: \"Verdana\",\"sans-serif\"; LINE-HEIGHT: 115%; mso-fareast-font-family: \"Times New Roman\"'><o:p><FONT color=\"#000000\">\u00a0<\/FONT><\/o:p><\/SPAN><\/P><br \/>\n<P class=\"MsoNormal\" style=\"TEXT-ALIGN: justify; MARGIN: 0cm 0cm 0pt\"><SPAN lang=\"EN-US\" style='FONT-SIZE: 8pt; FONT-FAMILY: \"Verdana\",\"sans-serif\"; LINE-HEIGHT: 115%; mso-fareast-font-family: \"Times New Roman\"'><FONT color=\"#000000\">Pavilion will be a cub of glass, crowned by a \u201csun flower\u201d consisting of mirrors that will attract the attention of visitors through the game of reflections and will present products and traditions of Moldova, through a combination of art and technology. At the exhibition will be shown a movie about the ensemble \u201cJoc\u201d, manufacturing processes of products exhibited in the pavilion and, of course, tasted products of Moldovan companies. <o:p><\/o:p><\/FONT><\/SPAN><\/P><br \/>\n<P class=\"MsoNormal\" style=\"TEXT-ALIGN: justify; MARGIN: 0cm 0cm 0pt; mso-line-height-alt: 5.0pt\"><SPAN lang=\"EN-US\" style='FONT-SIZE: 8pt; FONT-FAMILY: \"Verdana\",\"sans-serif\"; mso-fareast-font-family: \"Times New Roman\"'><o:p><FONT color=\"#000000\">\u00a0<\/FONT><\/o:p><\/SPAN><\/P><br \/>\n<P class=\"MsoNormal\" style=\"TEXT-ALIGN: justify; MARGIN: 1.4pt 0cm; mso-line-height-alt: 5.0pt\"><SPAN lang=\"EN-US\" style='FONT-SIZE: 8pt; FONT-FAMILY: \"Verdana\",\"sans-serif\"; mso-fareast-font-family: \"Times New Roman\"'><FONT color=\"#000000\"><SPAN style=\"mso-spacerun: yes\"><\/SPAN><o:p>________________________________________________<\/o:p><\/FONT><\/SPAN><\/P><br \/>\n<P class=\"MsoNormal\" style=\"TEXT-ALIGN: justify; MARGIN: 1.4pt 0cm\"><B style=\"mso-bidi-font-weight: normal\"><SPAN lang=\"RO\" style='FONT-SIZE: 8pt; FONT-FAMILY: \"Verdana\",\"sans-serif\"; LINE-HEIGHT: 115%; mso-fareast-font-family: \"Times New Roman\"; mso-ansi-language: RO'><FONT color=\"#000000\"><IMG style=\"HEIGHT: 15px; WIDTH: 19px\" border=\"0\" alt=\"rom\" src=\"\/resource\/2014\/07\/34428_f_rom.jpg\" width=\"31\" height=\"29\">\u00a0<BR><BR>Comunicat de pres\u0103 MIEPO<o:p><\/o:p><\/FONT><\/SPAN><\/B><\/P><br \/>\n<P class=\"MsoNormal\" style=\"TEXT-ALIGN: justify; MARGIN: 1.4pt 0cm\"><B style=\"mso-bidi-font-weight: normal\"><SPAN lang=\"RO\" style='FONT-SIZE: 8pt; FONT-FAMILY: \"Verdana\",\"sans-serif\"; LINE-HEIGHT: 115%; mso-fareast-font-family: \"Times New Roman\"; mso-ansi-language: RO'><FONT color=\"#000000\">Organiza\u021bia de Atragere a Investi\u021biilor \u0219i Promovare a Exportului din Moldova a anun\u021bat concurs pentru construc\u021bia Pavilionului Republicii Moldova \u00een cadrul<\/FONT><\/SPAN><\/B><FONT color=\"#000000\"><B style=\"mso-bidi-font-weight: normal\"><SPAN lang=\"RO\" style='FONT-SIZE: 8pt; FONT-FAMILY: \"Verdana\",\"sans-serif\"; LINE-HEIGHT: 115%; mso-ansi-language: RO'> Expozi\u0163iei Mondiale \u201eMilano-2015\u201d<\/SPAN><\/B><SPAN lang=\"RO\" style='FONT-SIZE: 8pt; FONT-FAMILY: \"Verdana\",\"sans-serif\"; LINE-HEIGHT: 115%; mso-fareast-font-family: \"Times New Roman\"; mso-ansi-language: RO'><o:p><\/o:p><\/SPAN><\/FONT><\/P><br \/>\n<P class=\"MsoNormal\" style=\"TEXT-ALIGN: justify; MARGIN: 1.4pt 0cm\"><SPAN lang=\"RO\" style='FONT-SIZE: 8pt; FONT-FAMILY: \"Verdana\",\"sans-serif\"; LINE-HEIGHT: 115%; mso-fareast-font-family: \"Times New Roman\"; mso-ansi-language: RO'><FONT color=\"#000000\">Organiza\u021bia de Atragere a Investi\u021biilor \u0219i Promovare a Exportului din Moldova (MIEPO) a anun\u021bat o licita\u021bie public\u0103 de selectare a antreprenorului pentru construc\u021bia Pavilionului na\u021bional la Expozi\u021bia mondial\u0103 \u201eMilano-2015\u201d. La concurs poate participa orice antreprenor,<\/FONT><\/SPAN><SPAN lang=\"RO\" style='FONT-SIZE: 8pt; FONT-FAMILY: \"Verdana\",\"sans-serif\"; LINE-HEIGHT: 115%; mso-ansi-language: RO'><FONT color=\"#000000\"> rezident sau nerezident, autoriza\u021bi cu permisiune \u00een construc\u021bie \u00een Republica Italian\u0103.<o:p><\/o:p><\/FONT><\/SPAN><\/P><br \/>\n<P class=\"MsoNormal\" style=\"TEXT-ALIGN: justify; MARGIN: 0cm 0cm 10pt; tab-stops: 36.0pt 90.0pt 126.0pt 162.0pt 198.0pt 234.0pt 270.0pt 306.0pt 342.0pt 378.0pt 414.0pt 450.0pt\"><FONT color=\"#000000\"><SPAN lang=\"RO\" style='FONT-SIZE: 8pt; FONT-FAMILY: \"Verdana\",\"sans-serif\"; LINE-HEIGHT: 115%; mso-ansi-language: RO'>Setul de documente poate fi procurat, dup\u0103 depunerea cererii de participare (cu indicarea clar\u0103 a denumirii, adresei, num\u0103rului telefonului de contact \u015fi numelui persoanei \u00eemputernicite de c\u0103tre Participant), la adresa de e-mail nadejda.florea@miepo.md.<\/SPAN><SPAN lang=\"RO\" style='FONT-SIZE: 8pt; FONT-FAMILY: \"Verdana\",\"sans-serif\"; LINE-HEIGHT: 115%; mso-fareast-font-family: \"Times New Roman\"; mso-ansi-language: RO'><o:p><\/o:p><\/SPAN><\/FONT><\/P><br \/>\n<P class=\"MsoNormal\" style=\"TEXT-ALIGN: justify; MARGIN: 1.4pt 0cm\"><SPAN lang=\"RO\" style='FONT-SIZE: 8pt; FONT-FAMILY: \"Verdana\",\"sans-serif\"; LINE-HEIGHT: 115%; mso-fareast-font-family: \"Times New Roman\"; mso-ansi-language: RO'><FONT color=\"#000000\">Caietul de sarcini poate fi ob\u021binut contra sumei de 200 de lei. <\/FONT><\/SPAN><SPAN lang=\"RO\" style='FONT-SIZE: 8pt; FONT-FAMILY: \"Verdana\",\"sans-serif\"; LINE-HEIGHT: 115%; mso-fareast-font-family: Calibri; mso-ansi-language: RO; mso-bidi-font-family: \"Times New Roman\"'><FONT color=\"#000000\">Plata se efectueaz\u0103 prin transfer \u00een adresa Organiza\u0163iei de <\/FONT><\/SPAN><SPAN lang=\"RO\" style='FONT-SIZE: 8pt; FONT-FAMILY: \"Verdana\",\"sans-serif\"; LINE-HEIGHT: 115%; mso-ansi-language: RO'><FONT color=\"#000000\">Atragere a Investi\u021biilor \u0219i <\/FONT><\/SPAN><FONT color=\"#000000\"><SPAN lang=\"RO\" style='FONT-SIZE: 8pt; FONT-FAMILY: \"Verdana\",\"sans-serif\"; LINE-HEIGHT: 115%; mso-fareast-font-family: Calibri; mso-ansi-language: RO; mso-bidi-font-family: \"Times New Roman\"'>Promovare a Exportului din Moldova.<\/SPAN><SPAN lang=\"RO\" style='FONT-SIZE: 8pt; FONT-FAMILY: \"Verdana\",\"sans-serif\"; LINE-HEIGHT: 115%; mso-fareast-font-family: \"Times New Roman\"; mso-ansi-language: RO'><o:p><\/o:p><\/SPAN><\/FONT><\/P><br \/>\n<P class=\"MsoNormal\" style=\"TEXT-ALIGN: justify; MARGIN: 1.4pt 0cm\"><SPAN lang=\"RO\" style='FONT-SIZE: 8pt; FONT-FAMILY: \"Verdana\",\"sans-serif\"; LINE-HEIGHT: 115%; mso-fareast-font-family: \"Times New Roman\"; mso-ansi-language: RO'><FONT color=\"#000000\">Companiile interesate pot depune ofertele, la sediul MIEPO, p\u00e2n\u0103 pe data de <STRONG>14 august 2014<\/STRONG>.<o:p><\/o:p><\/FONT><\/SPAN><\/P><br \/>\n<P class=\"MsoNormal\" style=\"TEXT-ALIGN: justify; MARGIN: 0cm 0cm 0pt\"><SPAN lang=\"RO\" style='FONT-SIZE: 8pt; FONT-FAMILY: \"Verdana\",\"sans-serif\"; LINE-HEIGHT: 115%; mso-fareast-font-family: \"Times New Roman\"; mso-ansi-language: RO'><FONT color=\"#000000\"><BR>Amintim Republica Moldova particip\u0103 pentru prima dat\u0103 cu pavilion propriu la o expozi\u021bie mondial\u0103. La expozi\u021biile mondiale de la Hanovra \u0219i Shanghai, Moldova a participat \u00een pavilioane comune cu alte \u021b\u0103ri. Construc\u021bia unui pavilion propriu este un obiectiv ambi\u021bios, care \u00eens\u0103 va avantaja Republica Moldova inclusiv prin loca\u021bia \u00een cadrul sitului expozi\u021biei, \u0219i va permite \u021b\u0103rii s\u0103 valorifice pe deplin participarea la expozi\u021bia mondial\u0103. <o:p><\/o:p><\/FONT><\/SPAN><\/P><br \/>\n<P class=\"MsoNormal\" style=\"TEXT-ALIGN: justify; MARGIN: 0cm 0cm 0pt\"><SPAN lang=\"RO\" style='FONT-SIZE: 8pt; FONT-FAMILY: \"Verdana\",\"sans-serif\"; LINE-HEIGHT: 115%; mso-fareast-font-family: \"Times New Roman\"; mso-ansi-language: RO'><o:p><FONT color=\"#000000\">\u00a0<\/FONT><\/o:p><\/SPAN><\/P><br \/>\n<P class=\"MsoNormal\" style=\"TEXT-ALIGN: justify; MARGIN: 0cm 0cm 0pt\"><SPAN lang=\"RO\" style='FONT-SIZE: 8pt; FONT-FAMILY: \"Verdana\",\"sans-serif\"; LINE-HEIGHT: 115%; mso-fareast-font-family: \"Times New Roman\"; mso-ansi-language: RO'><FONT color=\"#000000\">Pavilionul va avea forma unui cub din sticl\u0103, \u00eencununat de o \u201efloare solar\u0103\u201d, format\u0103 din oglinzi, ce va atrage aten\u021bia vizitatorilor prin jocul de reflec\u021bii \u0219i va prezenta produsele \u0219i tradi\u021biile Republicii Moldova, printr-o \u00eembinare a artei \u0219i tehnologiei. \u00cen cadrul expozi\u021biei va fi difuzat un film artistic despre ansamblul \u201eJoc\u201d, vor putea fi vizualizate procesele de fabricare a produselor expuse \u00een pavilion \u0219i, desigur, degustate produse ale companiilor moldovene\u0219ti. <\/FONT><o:p><\/o:p><\/SPAN><\/P><\/p>\n","protected":false},"excerpt":{"rendered":"\u00a0Press release MIEPOMoldovan Investment and Export Promotion Organization announced competition for the construction of Moldova Pavilion at the World Expo \u201cMilano-2015\u201d\u00a0 \u00a0 Moldovan Investment and Export Promotion Organization (MIEPO) announced a public tender for selection of an entrepreneur for construction of the National Pavilion at the World Expo \u201cMilano-2015\u201d. The competition may attend any entrepreneur, [&hellip;]","protected":false},"author":1,"featured_media":0,"comment_status":"","ping_status":"","sticky":false,"template":"","format":"standard","meta":{"footnotes":""},"tags":[],"class_list":["post-1156","post","type-post","status-publish","format-standard","hentry"],"_links":{"self":[{"href":"https:\/\/ambchisinau.esteri.it\/it\/wp-json\/wp\/v2\/posts\/1156","targetHints":{"allow":["GET"]}}],"collection":[{"href":"https:\/\/ambchisinau.esteri.it\/it\/wp-json\/wp\/v2\/posts"}],"about":[{"href":"https:\/\/ambchisinau.esteri.it\/it\/wp-json\/wp\/v2\/types\/post"}],"author":[{"embeddable":true,"href":"https:\/\/ambchisinau.esteri.it\/it\/wp-json\/wp\/v2\/users\/1"}],"replies":[{"embeddable":true,"href":"https:\/\/ambchisinau.esteri.it\/it\/wp-json\/wp\/v2\/comments?post=1156"}],"version-history":[{"count":0,"href":"https:\/\/ambchisinau.esteri.it\/it\/wp-json\/wp\/v2\/posts\/1156\/revisions"}],"wp:attachment":[{"href":"https:\/\/ambchisinau.esteri.it\/it\/wp-json\/wp\/v2\/media?parent=1156"}],"wp:term":[{"taxonomy":"post_tag","embeddable":true,"href":"https:\/\/ambchisinau.esteri.it\/it\/wp-json\/wp\/v2\/tags?post=1156"}],"curies":[{"name":"wp","href":"https:\/\/api.w.org\/{rel}","templated":true}]}}