{"id":1166,"date":"2014-06-05T07:55:26","date_gmt":"2014-06-05T05:55:26","guid":{"rendered":"https:\/\/ambchisinau.esteri.it\/news\/dall_ambasciata\/2014\/06\/dichiarazione-di-accompagnamento-minori-14-anni\/"},"modified":"2014-06-05T07:55:26","modified_gmt":"2014-06-05T05:55:26","slug":"dichiarazione-di-accompagnamento-minori-14-anni","status":"publish","type":"post","link":"https:\/\/ambchisinau.esteri.it\/it\/news\/dall_ambasciata\/2014\/06\/dichiarazione-di-accompagnamento-minori-14-anni\/","title":{"rendered":"DICHIARAZIONE DI ACCOMPAGNAMENTO DEI MINORI DI ANNI 14 CHE VIAGGINO SENZA ALMENO UNO DEI GENITORI"},"content":{"rendered":"<p><P>Si informano gli utenti che a far data dal prossimo 04 giugno 2014 i minori di anni 14 di nazionalit\u00e0 italiana che viaggino all&#8217;estero senza essere accompagnati da almeno uno dei genitori, o da chi ne fa le veci, dovranno essere muniti di una dichiarazione di accompagnamento nella quale compaia il nome della persona o dell&#8217;Ente al quale il minore \u00e8 affidato, sottoscritta dagli esercenti la responsabilit\u00e0 genitoriale o tutoria e vistata dagli Uffici competenti al rilascio del passaporto. <BR><BR>E&#8217; altres\u00ec riconosciuta la possibilit\u00e0 che i genitori del minore di anni quattordici richiedano che la dichiarazione di accompagnamento sia menzionata all&#8217;interno del passaporto del minore. La validit\u00e0 della dichiarazione di accompagnamento \u00e8 di regola circoscritta al singolo viaggio (andata\/ritorno) del minore e non pu\u00f2 eccedere i 6 mesi, salvo il ricorrere di gravi motivi, e in ogni caso la validit\u00e0 del passaporto. <\/P><P>\u00a0<\/P><\/p>\n","protected":false},"excerpt":{"rendered":"Si informano gli utenti che a far data dal prossimo 04 giugno 2014 i minori di anni 14 di nazionalit\u00e0 italiana che viaggino all&#8217;estero senza essere accompagnati da almeno uno dei genitori, o da chi ne fa le veci, dovranno essere muniti di una dichiarazione di accompagnamento nella quale compaia il nome della persona o [&hellip;]","protected":false},"author":1,"featured_media":0,"comment_status":"","ping_status":"","sticky":false,"template":"","format":"standard","meta":{"footnotes":""},"tags":[],"class_list":["post-1166","post","type-post","status-publish","format-standard","hentry"],"_links":{"self":[{"href":"https:\/\/ambchisinau.esteri.it\/it\/wp-json\/wp\/v2\/posts\/1166","targetHints":{"allow":["GET"]}}],"collection":[{"href":"https:\/\/ambchisinau.esteri.it\/it\/wp-json\/wp\/v2\/posts"}],"about":[{"href":"https:\/\/ambchisinau.esteri.it\/it\/wp-json\/wp\/v2\/types\/post"}],"author":[{"embeddable":true,"href":"https:\/\/ambchisinau.esteri.it\/it\/wp-json\/wp\/v2\/users\/1"}],"replies":[{"embeddable":true,"href":"https:\/\/ambchisinau.esteri.it\/it\/wp-json\/wp\/v2\/comments?post=1166"}],"version-history":[{"count":0,"href":"https:\/\/ambchisinau.esteri.it\/it\/wp-json\/wp\/v2\/posts\/1166\/revisions"}],"wp:attachment":[{"href":"https:\/\/ambchisinau.esteri.it\/it\/wp-json\/wp\/v2\/media?parent=1166"}],"wp:term":[{"taxonomy":"post_tag","embeddable":true,"href":"https:\/\/ambchisinau.esteri.it\/it\/wp-json\/wp\/v2\/tags?post=1166"}],"curies":[{"name":"wp","href":"https:\/\/api.w.org\/{rel}","templated":true}]}}