{"id":1269,"date":"2013-05-08T11:24:45","date_gmt":"2013-05-08T09:24:45","guid":{"rendered":"https:\/\/ambchisinau.esteri.it\/news\/dall_ambasciata\/2013\/05\/seiam-2013\/"},"modified":"2013-05-08T11:24:45","modified_gmt":"2013-05-08T09:24:45","slug":"seiam-2013","status":"publish","type":"post","link":"https:\/\/ambchisinau.esteri.it\/it\/news\/dall_ambasciata\/2013\/05\/seiam-2013\/","title":{"rendered":"XXXI SEMINARIO ESTIVO INTERNAZIONALE TEORICO-PRATICO DI ARCHITETTURA ED ARCHEOLOGIA MEDIEVALE, SEIAM 2013"},"content":{"rendered":"<p><P>Si informa che l&#8217;Istituto per la Ricostruzione del Castello medievale di Chucco-Zucco organizzer\u00e0 a Faedis (UD), dal 20 luglio al 17 agosto 2013, il XXXI &#8220;Seminario Estivo Internazionale di Architettura ed Archeologia Medievale&#8221;, cui potranno partecipare giovani professionisti e studenti di Architettura, Archeologia, Ingegneria e Storia dell&#8217;Arte.<BR><BR>La finalit\u00e0 della manifestazione\u00a0\u00e8 di sviluppare uno scambio di esperienze tra giovani studenti dei settori sopra indicati, coinvolgendoli nelle tecniche e nei lavori di restauro del Castello di Chucco Zucco.<BR><BR>La quota di iscrizione di 100 euro ed il contributo di partecipazione di 400 euro saranno a carico dei partecipanti.<BR><BR>Per i giovani provenienti dai Paesi dell&#8217;Est Europeo sono previste borse di studio, sponsorizzate da Enti esterni e sar\u00e0 offerta la partecipazione gratuita a 6 giovani provenienti dai Paesi pi\u00f9 lontani.<BR><BR>Sar\u00e0 comunque opportuno prevedere un riservista, in caso di rinuncia del candidato selezionato.<BR><BR>La nomina dei vincitori, a cura dell&#8217;Ente organizzatore, si baser\u00e0 sull&#8217;esame dei curricula dei candidati.<\/P><UL><br \/>\n<LI><A href=\"\/resource\/2013\/05\/25567_f_SCAMBI_GIOVANILI_20131.doc\">AVVISO<\/A><\/LI><br \/>\n<LI><A href=\"\/resource\/2013\/05\/25566_f_Borse_di_studio_20131.pdf\">BORSE DI STUDIO<\/A><\/LI><br \/>\n<LI><A href=\"\/resource\/2013\/05\/25563_f_PROGRAMMA_INGL_2013_.pdf\">PROGRAMMA_ENG_2013<\/A><\/LI><br \/>\n<LI><A href=\"\/resource\/2013\/05\/25564_f_PROGRAMMA_IT_2013_.pdf\">PROGRAMMA_ITA_2013<\/A><\/LI><br \/>\n<LI><A href=\"\/resource\/2013\/05\/25565_f_SCHEDA_ADESIONE_20131.pdf\">SCHEDA_ADESIONE<\/A><BR><BR><BR><\/LI><\/UL><br \/>\n<P>\u00a0<\/P><\/p>\n","protected":false},"excerpt":{"rendered":"Si informa che l&#8217;Istituto per la Ricostruzione del Castello medievale di Chucco-Zucco organizzer\u00e0 a Faedis (UD), dal 20 luglio al 17 agosto 2013, il XXXI &#8220;Seminario Estivo Internazionale di Architettura ed Archeologia Medievale&#8221;, cui potranno partecipare giovani professionisti e studenti di Architettura, Archeologia, Ingegneria e Storia dell&#8217;Arte.La finalit\u00e0 della manifestazione\u00a0\u00e8 di sviluppare uno scambio di [&hellip;]","protected":false},"author":1,"featured_media":0,"comment_status":"","ping_status":"","sticky":false,"template":"","format":"standard","meta":{"footnotes":""},"tags":[],"class_list":["post-1269","post","type-post","status-publish","format-standard","hentry"],"_links":{"self":[{"href":"https:\/\/ambchisinau.esteri.it\/it\/wp-json\/wp\/v2\/posts\/1269","targetHints":{"allow":["GET"]}}],"collection":[{"href":"https:\/\/ambchisinau.esteri.it\/it\/wp-json\/wp\/v2\/posts"}],"about":[{"href":"https:\/\/ambchisinau.esteri.it\/it\/wp-json\/wp\/v2\/types\/post"}],"author":[{"embeddable":true,"href":"https:\/\/ambchisinau.esteri.it\/it\/wp-json\/wp\/v2\/users\/1"}],"replies":[{"embeddable":true,"href":"https:\/\/ambchisinau.esteri.it\/it\/wp-json\/wp\/v2\/comments?post=1269"}],"version-history":[{"count":0,"href":"https:\/\/ambchisinau.esteri.it\/it\/wp-json\/wp\/v2\/posts\/1269\/revisions"}],"wp:attachment":[{"href":"https:\/\/ambchisinau.esteri.it\/it\/wp-json\/wp\/v2\/media?parent=1269"}],"wp:term":[{"taxonomy":"post_tag","embeddable":true,"href":"https:\/\/ambchisinau.esteri.it\/it\/wp-json\/wp\/v2\/tags?post=1269"}],"curies":[{"name":"wp","href":"https:\/\/api.w.org\/{rel}","templated":true}]}}