{"id":1289,"date":"2013-03-13T10:48:41","date_gmt":"2013-03-13T08:48:41","guid":{"rendered":"https:\/\/ambchisinau.esteri.it\/news\/dall_ambasciata\/2013\/03\/prontuario-economia-ital-01-03-13\/"},"modified":"2013-03-13T10:48:41","modified_gmt":"2013-03-13T08:48:41","slug":"prontuario-economia-ital-01-03-13","status":"publish","type":"post","link":"https:\/\/ambchisinau.esteri.it\/it\/news\/dall_ambasciata\/2013\/03\/prontuario-economia-ital-01-03-13\/","title":{"rendered":"QUARTA EDIZIONE DEL PRONTUARIO DELL&#8217;ECONOMIA ITALIANA"},"content":{"rendered":"<p>Clicca qui per scaricare il <A href=\"\/resource\/2013\/03\/24361_f_Prontuario_1_MARZO_2013.pdf\"><STRONG>Prontuario dell&#8217;Economia Italiana<\/STRONG><\/A>\u00a0aggiornato al 1 marzo 2013. <BR>Il predetto documento illustra le misure adottate a livello nazionale e a livello europeo per il risanamento dei conti e per lo sviluppo, una sintesi della situazione economica italiana e delle priorit\u00e0 per la crescita e la stabilit\u00e0 nonch\u00e9 i principali dati statistici relativi all&#8217;Italia e ai maggiori Paesi europei (oltre al Giappone e agli Stati Uniti relativamente al PIL).<\/p>\n","protected":false},"excerpt":{"rendered":"Clicca qui per scaricare il Prontuario dell&#8217;Economia Italiana\u00a0aggiornato al 1 marzo 2013. Il predetto documento illustra le misure adottate a livello nazionale e a livello europeo per il risanamento dei conti e per lo sviluppo, una sintesi della situazione economica italiana e delle priorit\u00e0 per la crescita e la stabilit\u00e0 nonch\u00e9 i principali dati statistici [&hellip;]","protected":false},"author":1,"featured_media":0,"comment_status":"","ping_status":"","sticky":false,"template":"","format":"standard","meta":{"footnotes":""},"tags":[],"class_list":["post-1289","post","type-post","status-publish","format-standard","hentry"],"_links":{"self":[{"href":"https:\/\/ambchisinau.esteri.it\/it\/wp-json\/wp\/v2\/posts\/1289","targetHints":{"allow":["GET"]}}],"collection":[{"href":"https:\/\/ambchisinau.esteri.it\/it\/wp-json\/wp\/v2\/posts"}],"about":[{"href":"https:\/\/ambchisinau.esteri.it\/it\/wp-json\/wp\/v2\/types\/post"}],"author":[{"embeddable":true,"href":"https:\/\/ambchisinau.esteri.it\/it\/wp-json\/wp\/v2\/users\/1"}],"replies":[{"embeddable":true,"href":"https:\/\/ambchisinau.esteri.it\/it\/wp-json\/wp\/v2\/comments?post=1289"}],"version-history":[{"count":0,"href":"https:\/\/ambchisinau.esteri.it\/it\/wp-json\/wp\/v2\/posts\/1289\/revisions"}],"wp:attachment":[{"href":"https:\/\/ambchisinau.esteri.it\/it\/wp-json\/wp\/v2\/media?parent=1289"}],"wp:term":[{"taxonomy":"post_tag","embeddable":true,"href":"https:\/\/ambchisinau.esteri.it\/it\/wp-json\/wp\/v2\/tags?post=1289"}],"curies":[{"name":"wp","href":"https:\/\/api.w.org\/{rel}","templated":true}]}}