{"id":1301,"date":"2013-02-14T15:51:36","date_gmt":"2013-02-14T13:51:36","guid":{"rendered":"https:\/\/ambchisinau.esteri.it\/news\/dall_ambasciata\/2013\/02\/incontro-speaker-parlamento\/"},"modified":"2013-02-14T15:51:36","modified_gmt":"2013-02-14T13:51:36","slug":"incontro-speaker-parlamento","status":"publish","type":"post","link":"https:\/\/ambchisinau.esteri.it\/it\/news\/dall_ambasciata\/2013\/02\/incontro-speaker-parlamento\/","title":{"rendered":"L&#8217;AMBASCIATORE D&#8217;ITALIA A CHISINAU, ENRICO NUNZIATA, INCONTRA IL PRESIDENTE DEL PARLAMENTO, MARIAN LUPU"},"content":{"rendered":"<p><P style=\"TEXT-ALIGN: justify; MARGIN: 0cm 0cm 0pt; BACKGROUND: white; VERTICAL-ALIGN: top; mso-margin-top-alt: auto; mso-margin-bottom-alt: auto\" class=\"MsoNormal\"><SPAN style=\"FONT-FAMILY: Verdana; COLOR: black; FONT-SIZE: 8pt; mso-ansi-language: IT; mso-no-proof: no\">L&#8217;Ambasciatore d&#8217;Italia a Chisinau, E.S. Enrico Nunziata,\u00a0ha avuto un incontro con il\u00a0Presidente del Parlamento della Repubblica Moldova, Marian Lupu. <?xml:namespace prefix = \"o\" ns = \"urn:schemas-microsoft-com:office:office\" \/><o:p><\/o:p><\/SPAN><\/P><P style=\"TEXT-ALIGN: justify; MARGIN: 0cm 0cm 0pt; BACKGROUND: white; VERTICAL-ALIGN: top; mso-margin-top-alt: auto; mso-margin-bottom-alt: auto\" class=\"MsoNormal\"><SPAN style=\"FONT-FAMILY: Verdana; COLOR: black; FONT-SIZE: 8pt; mso-ansi-language: IT; mso-no-proof: no\"><BR>Durante l\u2019incontro i due ufficiali hanno parlato della chiara intensificazione dei rapporti moldo-italiani, sottolineando che il dialogo politico con l\u2019Italia rappresenta una delle priorit\u00e0 della politica estera della\u00a0Moldova. <BR><BR>L\u2019Ambasciatore Nunziata ha riconfermato anche per\u00a0futuro il sostegno dell&#8217;Italia a favore delle aspirazioni europee\u00a0della Moldova. <BR><BR><SPAN style=\"FONT-FAMILY: Verdana; COLOR: black; FONT-SIZE: 8pt; mso-ansi-language: IT; mso-fareast-font-family: 'Times New Roman'; mso-bidi-font-family: 'Times New Roman'; mso-fareast-language: IT; mso-bidi-language: AR-SA\">In tale contesto, Marian Lupu ha ribadito l\u2019interesse costante della R. Moldova per l\u2019estensione e diversificazione dei rapporti bilaterali con l\u2019Italia, nonch\u00e9 per la valorizzazione delle capacit\u00e0 di cooperazione interparlamentare, che sicuramente contribuir\u00e0 alla conservazione dello stesso ritmo dinamico dei rapporti interstatali. <BR><BR>Lo speaker\u00a0<SPAN style=\"FONT-FAMILY: Verdana; COLOR: black; FONT-SIZE: 8pt; mso-ansi-language: IT; mso-fareast-font-family: 'Times New Roman'; mso-bidi-font-family: 'Times New Roman'; mso-fareast-language: IT; mso-bidi-language: AR-SA\">del Parlamento ha aggiunto, altres\u00ec, che l\u2019Italia \u00e8 stata uno dei primi sostenitori dei negoziati con l\u2019UE per la liberalizzazione del regime dei visti, anche grazie alla forte presenza della comunit\u00e0 moldava in Italia.<BR><\/P><br \/>\n<P style=\"TEXT-ALIGN: justify; MARGIN: 0cm 0cm 0pt; BACKGROUND: white; VERTICAL-ALIGN: top; mso-margin-top-alt: auto; mso-margin-bottom-alt: auto\" class=\"MsoNormal\"><SPAN style=\"FONT-FAMILY: Verdana; COLOR: black; FONT-SIZE: 8pt; mso-ansi-language: IT; mso-no-proof: no\"><BR>Alla fine, Marian Lupu ha augurato all\u2019Ambasciatore d\u2019Italia a Chisinau, Enrico Nunziata successo nell\u2019esercizio del proprio mandato ed una proficua collaborazione con le autorit\u00e0 della Repubblica Moldova a beneficio reciproco dei due Paesi e dei due Popoli. <BR><IMG border=\"0\" alt=\"incontro_lupu\" src=\"\/resource\/2013\/02\/23880_f_intrevedere_amb_italiacomunicat.jpg\"><o:p><\/o:p><\/SPAN><\/P><br \/>\n<P style=\"TEXT-ALIGN: justify; MARGIN: 0cm 0cm 0pt; BACKGROUND: white; VERTICAL-ALIGN: top; mso-margin-top-alt: auto; mso-margin-bottom-alt: auto\" class=\"MsoNormal\"><BR><\/SPAN><\/SPAN><\/SPAN>\u00a0fonte: <A id=\"servizio stampa del Parlamento della Repubblica Moldova\" title=\"servizio stampa del Parlamento della Repubblica Moldova\" href=\"http:\/\/www.parlament.md\/Actualitate\/Comunicatedepresa\/tabid\/90\/ContentId\/883\/Page\/0\/Default.aspx\" name=\"servizio stampa del Parlamento della Repubblica Moldova\"><STRONG>servizio stampa del Parlamento della Repubblica Moldova<\/STRONG><\/A><\/P><\/p>\n","protected":false},"excerpt":{"rendered":"L&#8217;Ambasciatore d&#8217;Italia a Chisinau, E.S. Enrico Nunziata,\u00a0ha avuto un incontro con il\u00a0Presidente del Parlamento della Repubblica Moldova, Marian Lupu. Durante l\u2019incontro i due ufficiali hanno parlato della chiara intensificazione dei rapporti moldo-italiani, sottolineando che il dialogo politico con l\u2019Italia rappresenta una delle priorit\u00e0 della politica estera della\u00a0Moldova. L\u2019Ambasciatore Nunziata ha riconfermato anche per\u00a0futuro il sostegno [&hellip;]","protected":false},"author":1,"featured_media":0,"comment_status":"","ping_status":"","sticky":false,"template":"","format":"standard","meta":{"footnotes":""},"tags":[],"class_list":["post-1301","post","type-post","status-publish","format-standard","hentry"],"_links":{"self":[{"href":"https:\/\/ambchisinau.esteri.it\/it\/wp-json\/wp\/v2\/posts\/1301","targetHints":{"allow":["GET"]}}],"collection":[{"href":"https:\/\/ambchisinau.esteri.it\/it\/wp-json\/wp\/v2\/posts"}],"about":[{"href":"https:\/\/ambchisinau.esteri.it\/it\/wp-json\/wp\/v2\/types\/post"}],"author":[{"embeddable":true,"href":"https:\/\/ambchisinau.esteri.it\/it\/wp-json\/wp\/v2\/users\/1"}],"replies":[{"embeddable":true,"href":"https:\/\/ambchisinau.esteri.it\/it\/wp-json\/wp\/v2\/comments?post=1301"}],"version-history":[{"count":0,"href":"https:\/\/ambchisinau.esteri.it\/it\/wp-json\/wp\/v2\/posts\/1301\/revisions"}],"wp:attachment":[{"href":"https:\/\/ambchisinau.esteri.it\/it\/wp-json\/wp\/v2\/media?parent=1301"}],"wp:term":[{"taxonomy":"post_tag","embeddable":true,"href":"https:\/\/ambchisinau.esteri.it\/it\/wp-json\/wp\/v2\/tags?post=1301"}],"curies":[{"name":"wp","href":"https:\/\/api.w.org\/{rel}","templated":true}]}}