{"id":1304,"date":"2013-02-14T15:19:46","date_gmt":"2013-02-14T13:19:46","guid":{"rendered":"https:\/\/ambchisinau.esteri.it\/news\/dall_ambasciata\/2013\/02\/incontro-premier\/"},"modified":"2013-02-14T15:19:46","modified_gmt":"2013-02-14T13:19:46","slug":"incontro-premier","status":"publish","type":"post","link":"https:\/\/ambchisinau.esteri.it\/it\/news\/dall_ambasciata\/2013\/02\/incontro-premier\/","title":{"rendered":"L&#8217;AMBASCIATORE D&#8217;ITALIA A CHISINAU, ENRICO NUNZIATA,\u00a0HA INCONTRATO OGGI IL PRIMO MINISTRO DELLA REPUBBLICA MOLDOVA, VLAD FILAT"},"content":{"rendered":"<p><P style=\"TEXT-ALIGN: justify; LINE-HEIGHT: 15.05pt; MARGIN: 0cm 0cm 0pt; BACKGROUND: white; mso-margin-top-alt: auto; mso-margin-bottom-alt: auto\" class=\"MsoNormal\"><?xml:namespace prefix = \"v\" ns = \"urn:schemas-microsoft-com:vml\" \/><v:shapetype id=\"_x0000_t75\" coordsize=\"21600,21600\" o:spt=\"75\" o:preferrelative=\"t\" path=\"m@4@5l@4@11@9@11@9@5xe\" filled=\"f\" stroked=\"f\"><v:stroke joinstyle=\"miter\"><\/v:stroke><v:formulas><v:f eqn=\"if lineDrawn pixelLineWidth 0\"><\/v:f><v:f eqn=\"sum @0 1 0\"><\/v:f><v:f eqn=\"sum 0 0 @1\"><\/v:f><v:f eqn=\"prod @2 1 2\"><\/v:f><v:f eqn=\"prod @3 21600 pixelWidth\"><\/v:f><v:f eqn=\"prod @3 21600 pixelHeight\"><\/v:f><v:f eqn=\"sum @0 0 1\"><\/v:f><v:f eqn=\"prod @6 1 2\"><\/v:f><v:f eqn=\"prod @7 21600 pixelWidth\"><\/v:f><v:f eqn=\"sum @8 21600 0\"><\/v:f><v:f eqn=\"prod @7 21600 pixelHeight\"><\/v:f><v:f eqn=\"sum @10 21600 0\"><\/v:f><\/v:formulas><v:path o:extrusionok=\"f\" gradientshapeok=\"t\" o:connecttype=\"rect\"><\/v:path><?xml:namespace prefix = \"o\" ns = \"urn:schemas-microsoft-com:office:office\" \/><o:lock v:ext=\"edit\" aspectratio=\"t\"><\/o:lock><\/v:shapetype><v:shape style=\"Z-INDEX: -3; POSITION: absolute; TEXT-ALIGN: left; MARGIN-TOP: 13.3pt; WIDTH: 324pt; HEIGHT: 214.6pt; MARGIN-LEFT: 0px; LEFT: 0px; mso-position-horizontal: left\" id=\"_x0000_s1026\" type=\"#_x0000_t75\" alt=\"\" href=\"http:\/\/gov.md\/public\/files\/2013\/ianuarie\/22\/IMG_0057.jpg\" wrapcoords=\"-62 0 -62 21507 21600 21507 21600 0 -62 0\" o:button=\"t\"><v:imagedata src=\"javascript:void(null);\" o:href=\"http:\/\/gov.md\/public\/files\/2013\/ianuarie\/22\/IMG_0057.jpg\"><\/v:imagedata><?xml:namespace prefix = \"w\" ns = \"urn:schemas-microsoft-com:office:word\" \/><w:wrap type=\"tight\"><\/w:wrap><\/v:shape><\/P><P style=\"TEXT-ALIGN: justify; LINE-HEIGHT: 15.05pt; MARGIN: 0cm 0cm 0pt; BACKGROUND: white; mso-margin-top-alt: auto; mso-margin-bottom-alt: auto\" class=\"MsoNormal\"><SPAN style=\"FONT-FAMILY: Verdana; COLOR: #545454; FONT-SIZE: 8pt; mso-ansi-language: IT; mso-no-proof: no; mso-bidi-font-family: Arial\">Il Primo Ministro ha fatto i complimenti all\u2019Ambasciatore per la sua nomina, sottolineando che i due Paesi hanno rapporti stretti e diversi. Nel contesto, il PM ha ringraziato il Governo italiano per il sostegno e per l\u2019atteggiamento amichevole dimostrato al fine di consolidare i predetti rapporti. <o:p><\/o:p><\/SPAN><\/P><br \/>\n<P style=\"TEXT-ALIGN: justify; LINE-HEIGHT: 15.05pt; MARGIN: 0cm 0cm 0pt; BACKGROUND: white; mso-margin-top-alt: auto; mso-margin-bottom-alt: auto\" class=\"MsoNormal\"><SPAN style=\"FONT-FAMILY: Verdana; COLOR: #545454; FONT-SIZE: 8pt; mso-ansi-language: IT; mso-no-proof: no; mso-bidi-font-family: Arial\">\u201cAbbiamo un\u2019ottima collaborazione, incluso con l\u2019Ambasciata d\u2019Italia a Chisinau. Speriamo che i nostri rapporti manterranno anche in futuro lo stesso carattere dinamico, basato su valori e principi europei. La Repubblica Moldova assicura la stessa apertura e disponibilit\u00e0 per una cooperazione costruttiva in futuro\u201d \u2013 ha detto Vlad FILAT. <o:p><\/o:p><\/SPAN><\/P><br \/>\n<P style=\"TEXT-ALIGN: justify; LINE-HEIGHT: 15.05pt; MARGIN: 0cm 0cm 0pt; BACKGROUND: white; mso-margin-top-alt: auto; mso-margin-bottom-alt: auto\" class=\"MsoNormal\"><SPAN style=\"FONT-FAMILY: Verdana; COLOR: #545454; FONT-SIZE: 8pt; mso-ansi-language: IT; mso-no-proof: no; mso-bidi-font-family: Arial\">A sua volta, Enrico NUNZIATA ha ringraziato al Premier per l\u2019apertura ed ha confermato che il Governo Italiano continuer\u00e0 a sostenere il percorso europeo della Repubblica Moldova.<o:p><\/o:p><\/SPAN><\/P><br \/>\n<P style=\"TEXT-ALIGN: justify; LINE-HEIGHT: 15.05pt; MARGIN: 0cm 0cm 0pt; BACKGROUND: white; mso-margin-top-alt: auto; mso-margin-bottom-alt: auto\" class=\"MsoNormal\"><SPAN style=\"FONT-FAMILY: Verdana; COLOR: #545454; FONT-SIZE: 8pt; mso-ansi-language: IT; mso-no-proof: no; mso-bidi-font-family: Arial\">\u201cL\u2019Italia si \u00e8 impegnata a sostenere fermamente la Moldova nel suo percorso di integrazione nelle strutture europee, incluso per quello che riguarda la liberalizzazione del regime dei visti. Questo fatto \u00e8 rilevante e per quanto riguarda la migrazione dei cittadini moldavi in Italia, costatiamo che ultimamente i flussi di ingresso dei moldavi in Italia sono regolari, grazie agli accordi legali bilaterali. Il tasso di diniego dei visti per i moldavi che vogliono viaggiare in Italia \u00e8 basso e scende ogni anno\u201d \u2013 ha detto Enrico NUNZIATA. <o:p><\/o:p><\/SPAN><\/P><br \/>\n<P style=\"TEXT-ALIGN: justify; LINE-HEIGHT: 15.05pt; MARGIN: 0cm 0cm 0pt; BACKGROUND: white; mso-margin-top-alt: auto; mso-margin-bottom-alt: auto\" class=\"MsoNormal\"><SPAN style=\"FONT-FAMILY: Verdana; COLOR: #545454; FONT-SIZE: 8pt; mso-ansi-language: IT; mso-no-proof: no; mso-bidi-font-family: Arial\">Inoltre, Enrico NUNZIATA ha dichiarato che l\u2019Italia si augura che la R. Moldova raggiunga quanto prima gli standard europei, e che la Sua missione in Moldova sar\u00e0 concentrata sull\u2019aumento degli investimenti italiani nel nostro Paese. <o:p><\/o:p><\/SPAN><\/P><br \/>\n<P style=\"TEXT-ALIGN: justify; LINE-HEIGHT: 15.05pt; MARGIN: 0cm 0cm 0pt; BACKGROUND: white; mso-margin-top-alt: auto; mso-margin-bottom-alt: auto\" class=\"MsoNormal\"><SPAN style=\"FONT-FAMILY: Verdana; COLOR: #545454; FONT-SIZE: 8pt; mso-ansi-language: IT; mso-no-proof: no; mso-bidi-font-family: Arial\">l&#8217;Ambasciatore italiano\u00a0ha, inoltre, notato che in Repubblica Moldova ci sono tutte le condizioni necessarie per attirare gli investitori italiani ed uno dei suoi principali obiettivi durante il mandato a Chisinau sar\u00e0 la valutazione dei predetti investitori, al fine di assicurare un flusso obiettivo e trasparente degli stessi sul mercato Moldavo, per assicurare una collaborazione economica reciprocamente proficua. <o:p><\/o:p><\/SPAN><\/P><br \/>\n<P style=\"TEXT-ALIGN: justify; LINE-HEIGHT: 15.05pt; MARGIN: 0cm 0cm 0pt; BACKGROUND: white; mso-margin-top-alt: auto; mso-margin-bottom-alt: auto\" class=\"MsoNormal\"><SPAN style=\"FONT-FAMILY: Verdana; COLOR: #545454; FONT-SIZE: 8pt; mso-ansi-language: IT; mso-no-proof: no; mso-bidi-font-family: Arial\">\u201cLa presenza degli investitori italiani in Repubblica Moldova \u00e8 benvenuta e l\u2019Ambasciata d\u2019Italia star\u00e0 attenta affinch\u00e9 tutti quelli che si affacciano sul mercato moldavo non vengano solo per motivi personali, bens\u00ec abbiano qualcosa da offrire. In tal senso, l\u2019Ambasciata monitorer\u00e0 l\u2019attivit\u00e0 degli imprenditori italiani e rafforzer\u00e0 la loro capacit\u00e0 imprenditoriale\u201d \u2013 ha aggiunto Enrico NUNZIATA. <\/SPAN><SPAN style=\"FONT-FAMILY: Verdana; COLOR: #545454; FONT-SIZE: 8pt; mso-ansi-language: IT; mso-no-proof: no; mso-bidi-font-family: Arial\">L\u2019Ambasciatore ha sottolineato l\u2019importanza di creare una comunicazione efficace tra le Camere di Commercio ed Industria dei due Paesi, che agevoler\u00e0 la collaborazione economica bilaterale. <o:p><\/o:p><\/SPAN><\/P><br \/>\n<P style=\"TEXT-ALIGN: justify; LINE-HEIGHT: 15.05pt; MARGIN: 0cm 0cm 0pt; BACKGROUND: white; mso-margin-top-alt: auto; mso-margin-bottom-alt: auto\" class=\"MsoNormal\"><SPAN style=\"FONT-FAMILY: Verdana; COLOR: #545454; FONT-SIZE: 8pt; mso-ansi-language: IT; mso-no-proof: no; mso-bidi-font-family: Arial\">Il Primo Ministro ha apprezzato la disponibilit\u00e0 della parte italiana di sviluppare i rapporti economici, dichiarando che la presenza del capitale italiano sul mercato moldavo \u00e8 considerevole, grazie a quelle 512 aziende italiane che operano in R. Moldova. <\/SPAN><SPAN style=\"FONT-FAMILY: Verdana; COLOR: #545454; FONT-SIZE: 8pt; mso-ansi-language: IT; mso-no-proof: no; mso-bidi-font-family: Arial\">Il PM ha sottolineato, inoltre, l\u2019importanza dell\u2019intensificazione della cooperazione tra gli investitori italiani e gli imprenditori moldavi, precisando che gli investimenti costituiscono una priorit\u00e0 sia per il settore privato, che per il Governo della R. Moldova. <\/SPAN><SPAN style=\"FONT-FAMILY: Verdana; COLOR: #545454; FONT-SIZE: 8pt; mso-ansi-language: IT; mso-no-proof: no; mso-bidi-font-family: Arial\">Durante l\u2019incontro, Vlad FILAT ha parlato dell\u2019importanza di portare a buon fine i negoziati bilaterali relativi all\u2019Accordo di riammissione degli stranieri soggiornanti irregolarmente, nonch\u00e9 all\u2019Accordo in materia di migrazione per lavoro. <o:p><\/o:p><\/SPAN><\/P><br \/>\n<P style=\"TEXT-ALIGN: justify; LINE-HEIGHT: 15.05pt; MARGIN: 0cm 0cm 0pt; BACKGROUND: white; mso-margin-top-alt: auto; mso-margin-bottom-alt: auto\" class=\"MsoNormal\"><SPAN style=\"FONT-FAMILY: Verdana; COLOR: #545454; FONT-SIZE: 8pt; mso-ansi-language: IT; mso-no-proof: no; mso-bidi-font-family: Arial\">Il PM ha augurato al nuovo Ambasciatore d\u2019Italia in Moldova successo nell\u2019esercizio del proprio mandato ed una missione riuscita, che contribuir\u00e0 al rafforzamento dei rapporti moldo-italiani.<o:p><\/o:p><\/SPAN><\/P><br \/>\n<P style=\"TEXT-ALIGN: justify; LINE-HEIGHT: 15.05pt; MARGIN: 0cm 0cm 0pt; BACKGROUND: white; mso-margin-top-alt: auto; mso-margin-bottom-alt: auto\" class=\"MsoNormal\"><BR>\u00a0<BR><BR><BR><IMG border=\"0\" alt=\"incontro_pm\" src=\"\/resource\/2013\/02\/23879_f_IMG_00571.jpg\"><BR><BR>fonte: <A id=\"servizio stampa del Primo Ministro\" title=\"servizio stampa del Primo Ministro\" href=\"http:\/\/www.gov.md\/libview.php?l=ro&#038;idc=436&#038;id=5998\" name=\"servizio stampa del Primo Ministro\"><STRONG>servizio stampa del Primo Ministro<BR><\/STRONG><\/A><\/P><\/p>\n","protected":false},"excerpt":{"rendered":"Il Primo Ministro ha fatto i complimenti all\u2019Ambasciatore per la sua nomina, sottolineando che i due Paesi hanno rapporti stretti e diversi. Nel contesto, il PM ha ringraziato il Governo italiano per il sostegno e per l\u2019atteggiamento amichevole dimostrato al fine di consolidare i predetti rapporti. \u201cAbbiamo un\u2019ottima collaborazione, incluso con l\u2019Ambasciata d\u2019Italia a Chisinau. [&hellip;]","protected":false},"author":1,"featured_media":0,"comment_status":"","ping_status":"","sticky":false,"template":"","format":"standard","meta":{"footnotes":""},"tags":[],"class_list":["post-1304","post","type-post","status-publish","format-standard","hentry"],"_links":{"self":[{"href":"https:\/\/ambchisinau.esteri.it\/it\/wp-json\/wp\/v2\/posts\/1304","targetHints":{"allow":["GET"]}}],"collection":[{"href":"https:\/\/ambchisinau.esteri.it\/it\/wp-json\/wp\/v2\/posts"}],"about":[{"href":"https:\/\/ambchisinau.esteri.it\/it\/wp-json\/wp\/v2\/types\/post"}],"author":[{"embeddable":true,"href":"https:\/\/ambchisinau.esteri.it\/it\/wp-json\/wp\/v2\/users\/1"}],"replies":[{"embeddable":true,"href":"https:\/\/ambchisinau.esteri.it\/it\/wp-json\/wp\/v2\/comments?post=1304"}],"version-history":[{"count":0,"href":"https:\/\/ambchisinau.esteri.it\/it\/wp-json\/wp\/v2\/posts\/1304\/revisions"}],"wp:attachment":[{"href":"https:\/\/ambchisinau.esteri.it\/it\/wp-json\/wp\/v2\/media?parent=1304"}],"wp:term":[{"taxonomy":"post_tag","embeddable":true,"href":"https:\/\/ambchisinau.esteri.it\/it\/wp-json\/wp\/v2\/tags?post=1304"}],"curies":[{"name":"wp","href":"https:\/\/api.w.org\/{rel}","templated":true}]}}