{"id":1542,"date":"2024-03-07T09:52:24","date_gmt":"2024-03-07T07:52:24","guid":{"rendered":"https:\/\/ambchisinau.esteri.it\/?p=1542"},"modified":"2024-03-14T10:19:01","modified_gmt":"2024-03-14T08:19:01","slug":"italian-design-day-2024","status":"publish","type":"post","link":"https:\/\/ambchisinau.esteri.it\/it\/news\/dall_ambasciata\/2024\/03\/italian-design-day-2024\/","title":{"rendered":"Italian Design Day 2024"},"content":{"rendered":"<p>La <strong>Giornata del Design Italiano nel Mondo 2024<\/strong> si tiene il <strong>14 marzo<\/strong>, con il titolo: <strong>\u201cFabbricare valore &#8211; inclusivit\u00e0, innovazione e sostenibilit\u00e0\u2019<\/strong>.<br \/>\nGiunta alla sua VIII edizione, la manifestazione \u00e8 promossa dal <strong>Ministero degli Affari Esteri e della Cooperazione Internazionale i<\/strong>n coordinamento con il <strong>Ministero della Cultura, l\u2019Associazione per il Disegno Industriale, la Fondazione Compasso d\u2019Oro, l\u2019Agenzia ICE, il Salone del Mobile, la Triennale di Milano, FederlegnoArredo, la Fondazione Altagamma e Confindustria<\/strong>.<\/p>\n<p style=\"text-align: justify;\">Se con il tema dello scorso anno, \u201cLa qualit\u00e0 che illumina\u201d, si era posto l\u2019accento sul prodotto finito, quest\u2019anno <strong><em>\u201cFabbricare valore &#8211; inclusivit\u00e0, innovazione e sostenibilit\u00e0\u201d <\/em><\/strong>sposta l\u2019attenzione sul valore del processo produttivo. Al centro della ricerca vi \u00e8 la necessit\u00e0 di indagare le modalit\u00e0 di creazione dei prodotti, ma anche di valore, attraverso i processi di fabbricazione, in modo da unire, a tradizione e artigianalit\u00e0, le pi\u00f9 moderne tecniche in termini tecnologici e di sostenibilit\u00e0 ambientale, ribadendo cos\u00ec il primato manifatturiero e produttivo italiano. Un focus che centra le questioni pi\u00f9 urgenti del nostro tempo, sociali, politiche ed economiche.<\/p>\n<p>L\u2019obiettivo \u00e8 quello di individuare <strong>modelli e buone pratiche<\/strong> in grado di far fronte alle sfide della contemporaneit\u00e0, evidenziando la capacit\u00e0 del design italiano di creare e diffondere cultura, oltre che forme.<\/p>\n<p style=\"text-align: justify;\">La giornata consacra anche la vocazione del design italiano a tessere e <strong>rafforzare relazioni<\/strong>: fra artigianato e innovazione, ma anche fra diversi Paesi che condividono un sistema valoriale anche nella produttivit\u00e0, e che agiscono per rispondere alle grandi questioni planetarie.<\/p>\n<p>In particolare, in occasione dell\u2019<strong>Italian Design Day 2024<\/strong>, \u00e8 stata appositamente concepita e realizzata la mostra itinerante <strong><em>100 vasi italiani<\/em><\/strong>, progetto espositivo del Ministero degli Affari Esteri e della Cooperazione Internazionale per la promozione dell\u2019IDD in tutti i Paesi partecipanti, a cura di <strong>Marco Meneguzzo<\/strong> ed <strong>Enrico Morteo<\/strong>, in collaborazione con la casa editrice <strong>Skira.<\/strong><\/p>\n<p style=\"text-align: justify;\"><strong><em>100 vasi italiani<\/em><\/strong> nasce come iniziativa di divulgazione culturale con focus sul repertorio dei vasi del design italiano dall\u2019inizio del secolo scorso ai giorni nostri, per valorizzare pi\u00f9 in generale l\u2019idea di eccellenza italiana nel panorama del design internazionale.<\/p>\n<p style=\"text-align: justify;\">L\u2019eccellenza italiana nel campo del design passa attraverso varie tipologie, ma essenzialmente si concentra nel campo dell\u2019interior design. La mostra pannellare ripercorre storicamente uno di questi temi al fine di individuare quella \u201cpeculiarit\u00e0 italiana\u201d che tutti riconoscono alle nostre produzioni. Il vaso \u00e8 un oggetto domestico e al contempo un oggetto che si presta alle interpretazioni pi\u00f9 varie, dove i designer italiani si sono distinti per originalit\u00e0 e riconoscibilit\u00e0.<\/p>\n<p style=\"text-align: justify;\">A questa iniziativa si aggiungono diverse altre mostre dedicate al design italiano che, sempre nell\u2019ambito delle attivit\u00e0 previste per l\u2019Italian Design Day, faranno tappa all\u2019estero nei prossimi mesi.<\/p>\n<p>&nbsp;<\/p>\n","protected":false},"excerpt":{"rendered":"La Giornata del Design Italiano nel Mondo 2024 si tiene il 14 marzo, con il titolo: \u201cFabbricare valore &#8211; inclusivit\u00e0, innovazione e sostenibilit\u00e0\u2019. Giunta alla sua VIII edizione, la manifestazione \u00e8 promossa dal Ministero degli Affari Esteri e della Cooperazione Internazionale in coordinamento con il Ministero della Cultura, l\u2019Associazione per il Disegno Industriale, la Fondazione [&hellip;]","protected":false},"author":4,"featured_media":1545,"comment_status":"closed","ping_status":"closed","sticky":false,"template":"","format":"standard","meta":{"footnotes":""},"tags":[7,8],"class_list":["post-1542","post","type-post","status-publish","format-standard","has-post-thumbnail","hentry","tag-diplomazia-culturale","tag-diplomazia-economica"],"_links":{"self":[{"href":"https:\/\/ambchisinau.esteri.it\/it\/wp-json\/wp\/v2\/posts\/1542","targetHints":{"allow":["GET"]}}],"collection":[{"href":"https:\/\/ambchisinau.esteri.it\/it\/wp-json\/wp\/v2\/posts"}],"about":[{"href":"https:\/\/ambchisinau.esteri.it\/it\/wp-json\/wp\/v2\/types\/post"}],"author":[{"embeddable":true,"href":"https:\/\/ambchisinau.esteri.it\/it\/wp-json\/wp\/v2\/users\/4"}],"replies":[{"embeddable":true,"href":"https:\/\/ambchisinau.esteri.it\/it\/wp-json\/wp\/v2\/comments?post=1542"}],"version-history":[{"count":1,"href":"https:\/\/ambchisinau.esteri.it\/it\/wp-json\/wp\/v2\/posts\/1542\/revisions"}],"predecessor-version":[{"id":1550,"href":"https:\/\/ambchisinau.esteri.it\/it\/wp-json\/wp\/v2\/posts\/1542\/revisions\/1550"}],"wp:featuredmedia":[{"embeddable":true,"href":"https:\/\/ambchisinau.esteri.it\/it\/wp-json\/wp\/v2\/media\/1545"}],"wp:attachment":[{"href":"https:\/\/ambchisinau.esteri.it\/it\/wp-json\/wp\/v2\/media?parent=1542"}],"wp:term":[{"taxonomy":"post_tag","embeddable":true,"href":"https:\/\/ambchisinau.esteri.it\/it\/wp-json\/wp\/v2\/tags?post=1542"}],"curies":[{"name":"wp","href":"https:\/\/api.w.org\/{rel}","templated":true}]}}