{"id":1628,"date":"2024-06-07T15:18:07","date_gmt":"2024-06-07T13:18:07","guid":{"rendered":"https:\/\/ambchisinau.esteri.it\/?p=1628"},"modified":"2024-07-08T10:55:02","modified_gmt":"2024-07-08T08:55:02","slug":"1628","status":"publish","type":"post","link":"https:\/\/ambchisinau.esteri.it\/it\/news\/dall_ambasciata\/2024\/06\/1628\/","title":{"rendered":"Modifica dell\u2019importo dei diritti per i visti Schengen a partire dall\u201911 giugno 2024"},"content":{"rendered":"<p style=\"text-align: justify;\">Si informa che lo scorso 22 maggio \u00e8 stato pubblicato il Regolamento delegato (UE) della Commissione n. 2024\/1415 del 14\/03\/2024, che ha modificato l\u2019art. 16 (par. 1, 2 e 2 bis) del Reg. (CE) 810\/2029 (Codice comunitario dei visti), relativo agli importi dei diritti per i visti Schengen.<\/p>\n<p style=\"text-align: justify;\">Pertanto la nuova formulazione dell\u2019art. 16 prevede un i<strong>ncremento dei diritti per i visti (c.d. <\/strong><strong>percezione visto)<\/strong>\u00a0da 80 a\u00a0<span style=\"text-decoration: underline;\"><strong>90 euro<\/strong><\/span>.<\/p>\n<p style=\"text-align: justify;\"><strong>Per i richiedenti di et\u00e0 uguale o superiore a sei anni e inferiore a dodici<\/strong>, la percezione passa da 40\u00a0<strong>a 45 euro<\/strong>,\u00a0<strong>mentre rester\u00e0 gratuit\u00e0 per i richiedenti di et\u00e0 compresa tra 0 e 6 anni\u00a0<\/strong>(inferiore a sei).<\/p>\n<p style=\"text-align: justify;\">Si precisa, altres\u00ec, che le gratuit\u00e0 e i diritti per i visti fissati in applicazione di specifici Accordi bilaterali o di Accordi di facilitazione per il rilascio di visti sottoscritti dall\u2019Unione Europea con Paesi terzi interessati, non subiranno variazioni a seguito della modifica in parola.<\/p>\n<p style=\"text-align: justify;\"><strong>I nuovi importi \u00a0saranno operativi a decorrere dall\u201911 giugno 2024.<\/strong><\/p>\n<p>Si invita a prendere visione del regolamento \u00e8\u00a0<a class=\"\" href=\"https:\/\/eur-lex.europa.eu\/legal-content\/IT\/TXT\/?uri=CELEX:32024R1415\" data-focus-mouse=\"false\">disponibile a questo link\u00a0<\/a><\/p>\n","protected":false},"excerpt":{"rendered":"Si informa che lo scorso 22 maggio \u00e8 stato pubblicato il Regolamento delegato (UE) della Commissione n. 2024\/1415 del 14\/03\/2024, che ha modificato l\u2019art. 16 (par. 1, 2 e 2 bis) del Reg. (CE) 810\/2029 (Codice comunitario dei visti), relativo agli importi dei diritti per i visti Schengen. Pertanto la nuova formulazione dell\u2019art. 16 prevede [&hellip;]","protected":false},"author":4,"featured_media":1631,"comment_status":"closed","ping_status":"closed","sticky":false,"template":"","format":"standard","meta":{"footnotes":""},"tags":[15],"class_list":["post-1628","post","type-post","status-publish","format-standard","has-post-thumbnail","hentry","tag-unione-europea"],"_links":{"self":[{"href":"https:\/\/ambchisinau.esteri.it\/it\/wp-json\/wp\/v2\/posts\/1628","targetHints":{"allow":["GET"]}}],"collection":[{"href":"https:\/\/ambchisinau.esteri.it\/it\/wp-json\/wp\/v2\/posts"}],"about":[{"href":"https:\/\/ambchisinau.esteri.it\/it\/wp-json\/wp\/v2\/types\/post"}],"author":[{"embeddable":true,"href":"https:\/\/ambchisinau.esteri.it\/it\/wp-json\/wp\/v2\/users\/4"}],"replies":[{"embeddable":true,"href":"https:\/\/ambchisinau.esteri.it\/it\/wp-json\/wp\/v2\/comments?post=1628"}],"version-history":[{"count":2,"href":"https:\/\/ambchisinau.esteri.it\/it\/wp-json\/wp\/v2\/posts\/1628\/revisions"}],"predecessor-version":[{"id":1636,"href":"https:\/\/ambchisinau.esteri.it\/it\/wp-json\/wp\/v2\/posts\/1628\/revisions\/1636"}],"wp:featuredmedia":[{"embeddable":true,"href":"https:\/\/ambchisinau.esteri.it\/it\/wp-json\/wp\/v2\/media\/1631"}],"wp:attachment":[{"href":"https:\/\/ambchisinau.esteri.it\/it\/wp-json\/wp\/v2\/media?parent=1628"}],"wp:term":[{"taxonomy":"post_tag","embeddable":true,"href":"https:\/\/ambchisinau.esteri.it\/it\/wp-json\/wp\/v2\/tags?post=1628"}],"curies":[{"name":"wp","href":"https:\/\/api.w.org\/{rel}","templated":true}]}}