{"id":604,"date":"2020-11-17T11:52:40","date_gmt":"2020-11-17T09:52:40","guid":{"rendered":"https:\/\/ambchisinau.esteri.it\/news\/dall_ambasciata\/2020\/11\/messaggio-di-auguri-inviato-dal\/"},"modified":"2020-11-17T11:52:40","modified_gmt":"2020-11-17T09:52:40","slug":"messaggio-di-auguri-inviato-dal","status":"publish","type":"post","link":"https:\/\/ambchisinau.esteri.it\/it\/news\/dall_ambasciata\/2020\/11\/messaggio-di-auguri-inviato-dal\/","title":{"rendered":"Messaggio del Presidente della Repubblica Italiana Sergio Mattarella alla Presidente eletta della Repubblica di Moldova Maia Sandu"},"content":{"rendered":"<p style=\"text-align: justify;\">&#8220;<em>S.E. MAIA SANDU,<\/em><\/p>\n<p style=\"text-align: justify;\"><em>LA SUA ELEZIONE ALLA PRESIDENZA DELLA REPUBBLICA MI OFFRE LA GRADITA OPPORTUNIT\u00c0 DI FARLE GIUNGERE SINCERI AUGURI DI PIENO SUCCESSO NELLO SVOLGIMENTO DELL\u2019ALTO INCARICO AFFIDATOLE DAL POPOLO MOLDAVO.<\/em><\/p>\n<p style=\"text-align: justify;\"><em>\u00c8 MIO VIVO AUSPICIO CHE LE ECCELLENTI RELAZIONI TRA I NOSTRI PAESI POSSANO ULTERIORMENTE CONSOLIDARSI IN TUTTI GLI AMBITI DI COMUNE INTERESSE. AL COSTANTE RAFFORZAMENTO DEI VINCOLI DI AMICIZIA CONTRIBUISCONO IN PARTICOLARE I CITTADINI MOLDAVI RESIDENTI IN ITALIA \u2013 UNA DELLE MAGGIORI COMUNIT\u00c0 MOLDAVE ALL&#8217;ESTERO \u2013 CAPACI DI CONIUGARE LA PIENA INTEGRAZIONE CULTURALE, SOCIALE ED ECONOMICA NELLA NOSTRA SOCIET\u00c0 CON L\u2019ATTACCAMENTO AL PAESE D\u2019ORIGINE.<\/em><\/p>\n<p style=\"text-align: justify;\"><em>DESIDERO ALTRES\u00cc CONFERMARLE CHE ROMA CONTINUER\u00c0 A SOSTENERE GLI SFORZI DI CHISINAU NEL PERCORSO DI AVVICINAMENTO ALL\u2019UNIONE EUROPEA, OFFRENDO LA PI\u00d9 AMPIA COLLABORAZIONE NELLE RIFORME CHE LA REPUBBLICA DI MOLDOVA \u00c8 CHIAMATA AD ADOTTARE NEGLI ANNI A VENIRE.<\/em><\/p>\n<p style=\"text-align: justify;\"><em>IN TALE SPIRITO, VOGLIA GRADIRE, SIGNORA PRESIDENTE ELETTA, I MIGLIORI AUGURI DELLA REPUBBLICA ITALIANA.&#8221;<\/em><\/p>\n<p style=\"text-align: justify;\"><em>&#8212;&#8212;&#8212;&#8212;&#8212;&#8212;&#8212;&#8212;&#8212;&#8212;&#8212;&#8212;&#8212;&#8212;&#8212;&#8212;&#8212;&#8212;&#8212;&#8212;&#8212;&#8212;&#8212;&#8212;-<\/em><\/p>\n<p><strong>Mesajul de felicitare transmis de Pre\u0219edintele Republicii Italiene, Sergio Mattarella, Pre\u0219edintei alese a Republicii Moldova, Maia Sandu<\/strong>:<\/p>\n<p style=\"text-align: justify;\">&#8220;<em>E.S. MAIA SANDU<\/em><\/p>\n<p style=\"text-align: justify;\"><em>ALEGEREA DUMNEAVOASTR\u0102 LA PRE\u0218EDIN\u021aIA REPUBLICII MOLDOVA \u00ceMI OFER\u0102 PL\u0102CUTA OCAZIE DE A V\u0102 TRANSMITE SINCERE FELICIT\u0102RI \u0218I S\u0102 V\u0102 UREZ MULT SUCCES \u00ceN DESF\u0102\u0218URAREA \u00ceNALTEI FUNC\u021aII CARE V-A FOST \u00ceNCREDIN\u021aAT\u0102 DE POPORUL MOLDOVEAN.<\/em><\/p>\n<p style=\"text-align: justify;\"><em>SPER DIN TOT SUFLETUL CA RELA\u021aIILE EXCELENTE \u00ceNTRE \u021a\u0102RILE NOASTRE S\u0102 SE CONSOLIDEZE \u0218I MAI MULT \u00ceN TOATE DOMENIILE DE INTERES COMUN. LA CONSOLIDAREA CONSTANT\u0102 A RELA\u021aIILOR DE PRIETENIE CONTRIBUIE, \u00ceN MOD SPECIAL, CET\u0102\u021aENII MOLDOVENI STABILI\u021aI \u00ceN ITALIA, CE CONSTITUIE UNA DIN CELE MAI NUMEROASE COMUNIT\u0102\u021aI MOLDOVENE\u0218TI PESTE HOTARE \u0218I CE SUNT CAPABILI S\u0102 SE INTEGREZE PE DEPLIN DIN PUNCT DE VEDERE CULTURAL, SOCIAL \u0218I ECONOMIC \u00ceN SOCIETATEA NOASTR\u0102, R\u0102M\u00c2N\u00c2ND, \u00ceN ACELA\u0218I TIMP, LEGA\u021aI DE PROPRIILE ORIGINI.<\/em><\/p>\n<p style=\"text-align: justify;\"><em>A\u0218 DORI S\u0102 V\u0102 CONFIRM, DE ASEMENEA, C\u0102 ROMA VA SUS\u021aINE \u00ceN CONTINUARE EFORTURILE CHI\u0218IN\u0102ULUI \u00ceN PARCURSUL S\u0102U DE APROPIERE LA UNIUNEA EUROPEAN\u0102, OFERINDU-I CEA MAI AMPL\u0102 COLABORARE POSIBIL\u0102 \u00ceN REFORMELE PE CARE REPUBLICA MOLDOVA VA TREBUI S\u0102 LE IMPLEMENTEZE \u00ceN URM\u0102TORII ANI.<\/em><\/p>\n<p style=\"text-align: justify;\"><em>\u00ceN ACEST SPIRIT, V\u0102 ROG S\u0102 ACCEPTA\u021aI, DOAMN\u0102 PRE\u0218EDINT\u0102 ALEAS\u0102, CELE MAI SINCERE UR\u0102RI DE BINE DIN PARTEA REPUBLICII ITALIENE.<\/em> &#8220;<\/p>\n","protected":false},"excerpt":{"rendered":"&#8220;S.E. MAIA SANDU, LA SUA ELEZIONE ALLA PRESIDENZA DELLA REPUBBLICA MI OFFRE LA GRADITA OPPORTUNIT\u00c0 DI FARLE GIUNGERE SINCERI AUGURI DI PIENO SUCCESSO NELLO SVOLGIMENTO DELL\u2019ALTO INCARICO AFFIDATOLE DAL POPOLO MOLDAVO. \u00c8 MIO VIVO AUSPICIO CHE LE ECCELLENTI RELAZIONI TRA I NOSTRI PAESI POSSANO ULTERIORMENTE CONSOLIDARSI IN TUTTI GLI AMBITI DI COMUNE INTERESSE. AL COSTANTE [&hellip;]","protected":false},"author":1,"featured_media":0,"comment_status":"","ping_status":"","sticky":false,"template":"","format":"standard","meta":{"footnotes":""},"tags":[],"class_list":["post-604","post","type-post","status-publish","format-standard","hentry"],"_links":{"self":[{"href":"https:\/\/ambchisinau.esteri.it\/it\/wp-json\/wp\/v2\/posts\/604","targetHints":{"allow":["GET"]}}],"collection":[{"href":"https:\/\/ambchisinau.esteri.it\/it\/wp-json\/wp\/v2\/posts"}],"about":[{"href":"https:\/\/ambchisinau.esteri.it\/it\/wp-json\/wp\/v2\/types\/post"}],"author":[{"embeddable":true,"href":"https:\/\/ambchisinau.esteri.it\/it\/wp-json\/wp\/v2\/users\/1"}],"replies":[{"embeddable":true,"href":"https:\/\/ambchisinau.esteri.it\/it\/wp-json\/wp\/v2\/comments?post=604"}],"version-history":[{"count":0,"href":"https:\/\/ambchisinau.esteri.it\/it\/wp-json\/wp\/v2\/posts\/604\/revisions"}],"wp:attachment":[{"href":"https:\/\/ambchisinau.esteri.it\/it\/wp-json\/wp\/v2\/media?parent=604"}],"wp:term":[{"taxonomy":"post_tag","embeddable":true,"href":"https:\/\/ambchisinau.esteri.it\/it\/wp-json\/wp\/v2\/tags?post=604"}],"curies":[{"name":"wp","href":"https:\/\/api.w.org\/{rel}","templated":true}]}}