{"id":766,"date":"2019-12-13T13:46:58","date_gmt":"2019-12-13T11:46:58","guid":{"rendered":"https:\/\/ambchisinau.esteri.it\/news\/dall_ambasciata\/2019\/12\/radiazione-dal-pra-per-esportazione\/"},"modified":"2019-12-13T13:46:58","modified_gmt":"2019-12-13T11:46:58","slug":"radiazione-dal-pra-per-esportazione","status":"publish","type":"post","link":"https:\/\/ambchisinau.esteri.it\/it\/news\/dall_ambasciata\/2019\/12\/radiazione-dal-pra-per-esportazione\/","title":{"rendered":"Radiazione dal PRA per esportazione: Nuove Disposizioni"},"content":{"rendered":"<p><strong>AVVISO PER CONNAZIONALI:\u00a0Radiazione dal\u00a0PRA per esportazione: nuove disposizioni.\u00a0<\/strong>\u00a0<\/p>\n<p>L&#8217;Automobile Club d&#8217;Italia (ACI) ha informato che, a seguito di modifica normativa, dal 1 gennaio 2020 entrer\u00e0 in vigore una nuova disciplina che regolamenta la radiazione di veicoli dal Pubblico Registro Automobilistico (PRA) per definitiva esportazione all&#8217;estero.<\/p>\n<p>Il nuovo art. 103 del Codice della Strada prevede che la cancellazione dal PRA per definitiva esportazione all&#8217;estero di autoveicoli, motoveicoli o rimorchi sia disposta a condizione che i suddetti siano stati sottoposti a revisione, con esito positivo, in data non anteriore a sei mesi rispetto alla data di richiesta di radiazione. Pertanto, dal 1 gennaio 2020, la radiazione dovr\u00e0 essere richiesta PRIMA che il veicolo venga esportato, in modo da consentire il controllo dell&#8217;avvenuta revisione nei tempi stabiliti dalla legge. Una volta effettuata la radiazione, il veicolo cancellato potr\u00e0 circolare su strada per raggiungere i transiti di confine per l&#8217;esportazione solo se munito del foglio di via e della targa provvisoria prevista dall&#8217;art. 99 del Codice della Strada. In fase di prima applicazione della nuova disciplina il veicolo radiato sar\u00e0 munito anche della carta di circolazione originale annullata per esportazione e non valida per la circolazione. <\/p>\n<p>Si ricorda che fino alla fine del corrente anno, ai sensi della normativa attualmente vigente e che rester\u00e0 per l&#8217;appunto in vigore fino al 31 dicembre 2019, la richiesta di radiazione deve invece essere effettuata successivamente all&#8217;esportazione all&#8217;estero del veicolo, prevendo quindi degli aspetti operativi di competenza delle Sedi estere, secondo le modalit\u00e0 finora seguite e richiamate dai messaggi citati in riferimento. Sar\u00e0 pertanto ancora ammessa la possibilit\u00e0, per il tramite degli Uffici Consolari, di richiedere la cancellazione successivamente alla effettiva reimmatricolazione del veicolo all&#8217;estero, allegando copia della carta di circolazione estera rilasciata in data anteriore al 1 gennaio 2020.<\/p>\n<p>Tali adempimenti invece cesseranno a partire dal 1 gennaio 2020, in quanto le Sedi non potranno pi\u00f9 accettare richieste di cancellazione dal PRA di veicoli esportati all&#8217;estero in data successiva.<\/p>\n<p>Il comunicato completo congiunto MIT\/ACI\u00a0\u00e8 disponibile\u00a0al link <a href=\"http:\/\/www.mit.gov.it\/sites\/default\/files\/media\/normativa\/2019-12\/comunicato_MIT-ACI_11-12-2019.pdf\">http:\/\/www.mit.gov.it\/sites\/default\/files\/media\/normativa\/2019-12\/comunicato_MIT-ACI_11-12-2019.pdf<\/a> .<\/p>\n<p>\u00a0<\/p>\n","protected":false},"excerpt":{"rendered":"AVVISO PER CONNAZIONALI:\u00a0Radiazione dal\u00a0PRA per esportazione: nuove disposizioni.\u00a0\u00a0 L&#8217;Automobile Club d&#8217;Italia (ACI) ha informato che, a seguito di modifica normativa, dal 1 gennaio 2020 entrer\u00e0 in vigore una nuova disciplina che regolamenta la radiazione di veicoli dal Pubblico Registro Automobilistico (PRA) per definitiva esportazione all&#8217;estero. Il nuovo art. 103 del Codice della Strada prevede che [&hellip;]","protected":false},"author":1,"featured_media":0,"comment_status":"","ping_status":"","sticky":false,"template":"","format":"standard","meta":{"footnotes":""},"tags":[],"class_list":["post-766","post","type-post","status-publish","format-standard","hentry"],"_links":{"self":[{"href":"https:\/\/ambchisinau.esteri.it\/it\/wp-json\/wp\/v2\/posts\/766","targetHints":{"allow":["GET"]}}],"collection":[{"href":"https:\/\/ambchisinau.esteri.it\/it\/wp-json\/wp\/v2\/posts"}],"about":[{"href":"https:\/\/ambchisinau.esteri.it\/it\/wp-json\/wp\/v2\/types\/post"}],"author":[{"embeddable":true,"href":"https:\/\/ambchisinau.esteri.it\/it\/wp-json\/wp\/v2\/users\/1"}],"replies":[{"embeddable":true,"href":"https:\/\/ambchisinau.esteri.it\/it\/wp-json\/wp\/v2\/comments?post=766"}],"version-history":[{"count":0,"href":"https:\/\/ambchisinau.esteri.it\/it\/wp-json\/wp\/v2\/posts\/766\/revisions"}],"wp:attachment":[{"href":"https:\/\/ambchisinau.esteri.it\/it\/wp-json\/wp\/v2\/media?parent=766"}],"wp:term":[{"taxonomy":"post_tag","embeddable":true,"href":"https:\/\/ambchisinau.esteri.it\/it\/wp-json\/wp\/v2\/tags?post=766"}],"curies":[{"name":"wp","href":"https:\/\/api.w.org\/{rel}","templated":true}]}}