{"id":881,"date":"2018-10-09T10:47:41","date_gmt":"2018-10-09T08:47:41","guid":{"rendered":"https:\/\/ambchisinau.esteri.it\/news\/dall_ambasciata\/2018\/10\/modifica-parziale-degli-orari-di\/"},"modified":"2018-10-09T10:47:41","modified_gmt":"2018-10-09T08:47:41","slug":"modifica-parziale-degli-orari-di","status":"publish","type":"post","link":"https:\/\/ambchisinau.esteri.it\/it\/news\/dall_ambasciata\/2018\/10\/modifica-parziale-degli-orari-di\/","title":{"rendered":"Modifica parziale degli orari di apertura al pubblico dal 15 ottobre 2018"},"content":{"rendered":"<p>Si attira l&#8217;attenzione sulla parziale modifica dell&#8217;orario di apertura al pubblico degli sportelli di questa Ambasciata che avr\u00e0 effetto a decorrere dal 15 ottobre prossimo.<\/p>\n<p>A partire da detta data, gli sportelli resteranno chiusi anche il mercoled\u00ec pomeriggio oltre che nei pomeriggi del marted\u00ec e del venerd\u00ec.<\/p>\n<p>L&#8217;orario completo dell&#8217;apertura al pubblico dell&#8217;Ambasciata \u00e8 consultabile nella pagina &#8220;contatti&#8221; <a href=\"it\/ambasciata\/gli_uffici\/\">cliccando qui.<\/a><\/p>\n","protected":false},"excerpt":{"rendered":"Si attira l&#8217;attenzione sulla parziale modifica dell&#8217;orario di apertura al pubblico degli sportelli di questa Ambasciata che avr\u00e0 effetto a decorrere dal 15 ottobre prossimo. A partire da detta data, gli sportelli resteranno chiusi anche il mercoled\u00ec pomeriggio oltre che nei pomeriggi del marted\u00ec e del venerd\u00ec. L&#8217;orario completo dell&#8217;apertura al pubblico dell&#8217;Ambasciata \u00e8 consultabile [&hellip;]","protected":false},"author":1,"featured_media":0,"comment_status":"","ping_status":"","sticky":false,"template":"","format":"standard","meta":{"footnotes":""},"tags":[],"class_list":["post-881","post","type-post","status-publish","format-standard","hentry"],"_links":{"self":[{"href":"https:\/\/ambchisinau.esteri.it\/it\/wp-json\/wp\/v2\/posts\/881","targetHints":{"allow":["GET"]}}],"collection":[{"href":"https:\/\/ambchisinau.esteri.it\/it\/wp-json\/wp\/v2\/posts"}],"about":[{"href":"https:\/\/ambchisinau.esteri.it\/it\/wp-json\/wp\/v2\/types\/post"}],"author":[{"embeddable":true,"href":"https:\/\/ambchisinau.esteri.it\/it\/wp-json\/wp\/v2\/users\/1"}],"replies":[{"embeddable":true,"href":"https:\/\/ambchisinau.esteri.it\/it\/wp-json\/wp\/v2\/comments?post=881"}],"version-history":[{"count":0,"href":"https:\/\/ambchisinau.esteri.it\/it\/wp-json\/wp\/v2\/posts\/881\/revisions"}],"wp:attachment":[{"href":"https:\/\/ambchisinau.esteri.it\/it\/wp-json\/wp\/v2\/media?parent=881"}],"wp:term":[{"taxonomy":"post_tag","embeddable":true,"href":"https:\/\/ambchisinau.esteri.it\/it\/wp-json\/wp\/v2\/tags?post=881"}],"curies":[{"name":"wp","href":"https:\/\/api.w.org\/{rel}","templated":true}]}}