{"id":1013,"date":"2017-11-06T17:32:18","date_gmt":"2017-11-06T15:32:18","guid":{"rendered":"https:\/\/ambchisinau.esteri.it\/news\/dall_ambasciata\/2017\/11\/settimana-della-cucina-italiana-2\/"},"modified":"2017-11-06T17:32:18","modified_gmt":"2017-11-06T15:32:18","slug":"settimana-della-cucina-italiana-2","status":"publish","type":"post","link":"https:\/\/ambchisinau.esteri.it\/ro\/news\/dall_ambasciata\/2017\/11\/settimana-della-cucina-italiana-2\/","title":{"rendered":"S\u0103pt\u0103m\u00e2na Buc\u0103t\u0103riei Italiene \u00een Lume, 20 &#8211; 26 noiembrie 2017"},"content":{"rendered":"<p>\u00cen perioada 20 &#8211; 26 noiembrie, va avea loc S\u0103pt\u0103m\u00e2na Buc\u0103t\u0103riei Italiene \u00een Lume.<\/p>\n<p>Detaliile cu privire la evenimentele din cadrul S\u0103pt\u0103m\u00e2nii <a href=\"resource\/doc\/2017\/11\/comunicat_site_rumeno_settimana_cucina.pdf\">le pute\u021bi g\u0103si aici.<\/a><\/p>\n","protected":false},"excerpt":{"rendered":"\u00cen perioada 20 &#8211; 26 noiembrie, va avea loc S\u0103pt\u0103m\u00e2na Buc\u0103t\u0103riei Italiene \u00een Lume. Detaliile cu privire la evenimentele din cadrul S\u0103pt\u0103m\u00e2nii le pute\u021bi g\u0103si aici.","protected":false},"author":1,"featured_media":0,"comment_status":"","ping_status":"","sticky":false,"template":"","format":"standard","meta":{"footnotes":""},"tags":[],"class_list":["post-1013","post","type-post","status-publish","format-standard","hentry"],"_links":{"self":[{"href":"https:\/\/ambchisinau.esteri.it\/ro\/wp-json\/wp\/v2\/posts\/1013","targetHints":{"allow":["GET"]}}],"collection":[{"href":"https:\/\/ambchisinau.esteri.it\/ro\/wp-json\/wp\/v2\/posts"}],"about":[{"href":"https:\/\/ambchisinau.esteri.it\/ro\/wp-json\/wp\/v2\/types\/post"}],"author":[{"embeddable":true,"href":"https:\/\/ambchisinau.esteri.it\/ro\/wp-json\/wp\/v2\/users\/1"}],"replies":[{"embeddable":true,"href":"https:\/\/ambchisinau.esteri.it\/ro\/wp-json\/wp\/v2\/comments?post=1013"}],"version-history":[{"count":0,"href":"https:\/\/ambchisinau.esteri.it\/ro\/wp-json\/wp\/v2\/posts\/1013\/revisions"}],"wp:attachment":[{"href":"https:\/\/ambchisinau.esteri.it\/ro\/wp-json\/wp\/v2\/media?parent=1013"}],"wp:term":[{"taxonomy":"post_tag","embeddable":true,"href":"https:\/\/ambchisinau.esteri.it\/ro\/wp-json\/wp\/v2\/tags?post=1013"}],"curies":[{"name":"wp","href":"https:\/\/api.w.org\/{rel}","templated":true}]}}