{"id":1041,"date":"2017-05-19T08:45:55","date_gmt":"2017-05-19T06:45:55","guid":{"rendered":"https:\/\/ambchisinau.esteri.it\/news\/dall_ambasciata\/2017\/05\/declaratie-comuna-cu-ocazia-zilei-2\/"},"modified":"2017-05-19T08:45:55","modified_gmt":"2017-05-19T06:45:55","slug":"declaratie-comuna-cu-ocazia-zilei-2","status":"publish","type":"post","link":"https:\/\/ambchisinau.esteri.it\/ro\/news\/dall_ambasciata\/2017\/05\/declaratie-comuna-cu-ocazia-zilei-2\/","title":{"rendered":"Declara\u021bie comun\u0103 cu ocazia Zilei interna\u021bionale \u00eempotriva homofobiei, transfobiei \u0219i bifobiei \u00een Republica Moldova."},"content":{"rendered":"<p>Chi\u0219in\u0103u, 17 mai 2017 \u2013 Cu ocazia Zilei interna\u021bionale \u00eempotriva homofobiei, transfobiei \u0219i bifobiei, exprim\u0103m sprijinul nostru pentru persoanele lesbiene, gay, bisexuale, transgender \u0219i intersex (LGBTI) din Republica Moldova.<\/p>\n<p>Men\u021bion\u0103m c\u0103 cel de-al 16-lea Festival LGBTI \u201eMoldova Pride\u201d este \u00een curs de desf\u0103\u0219urare. Deoarece valorile de toleran\u021b\u0103 \u0219i respect pentru diversitate sunt fundamentale pentru societ\u0103\u021bile democratice deschise, recunoa\u0219tem dreptul persoanelor LGBTI \u0219i al sus\u021bin\u0103torilor acestora de a desf\u0103\u0219ura \u00een mod pa\u0219nic Mar\u0219ul Solidarit\u0103\u021bii \u201eF\u0103r\u0103 fric\u0103\u201d din 21 mai 2017.<\/p>\n<p>Drepturile omului \u2013 inclusiv libertatea de exprimare \u0219i de \u00eentruniri, egalitate \u0219i nediscriminare &#8211; \u0219i suprema\u021bia legii sunt fundamente pe care se construiesc democra\u021biile. \u00centr-adev\u0103r, conform dreptului interna\u021bional, toate persoanele trebuie s\u0103 se bucure de acelea\u0219i drepturi \u0219i libert\u0103\u021bi, conform Declara\u021biei Universale a Drepturilor Omului \u0219i altor instrumente legale interna\u021bionale. Dreptul interna\u021bional prevede respectarea drepturilor omului \u0219i a libert\u0103\u021bilor fundamentale \u0219i, astfel, oblig\u0103 autorit\u0103\u021bile s\u0103 protejeze toate persoanele de discriminare \u0219i violen\u021b\u0103 \u0219i s\u0103 asigure ca toate persoanele s\u0103 se bucure de oportunit\u0103\u021bi egale \u0219i tratamente egale.<\/p>\n<p>\u00cen fiecare zi oamenii se confrunt\u0103 cu discriminarea din cauza orient\u0103rii lor sexuale sau a identit\u0103\u021bii lor gender. Autorit\u0103\u021bile noastre caut\u0103 s\u0103 combat\u0103 acest fel de discriminare prin promovarea drepturilor umane ale fiec\u0103rei persoane. Fiecare persoan\u0103, inclusiv persoanele lesbiene, gay, bisexuale, transgender \u0219i intersex, trebuie s\u0103 aib\u0103 libertatea de a se bucura de drepturile \u0219i libert\u0103\u021bile, la care au dreptul toate persoanele de pretutindeni.<\/p>\n<p>Suntem \u00een a\u0219teptarea desf\u0103\u0219ur\u0103rii unui Mar\u0219 pa\u0219nic \u0219i sigur al Solidarit\u0103\u021bii \u0219i a progreselor continue spre egalitate pentru toate persoanele din Moldova.<\/p>\n<p>* Declara\u021bia comun\u0103 este emis\u0103 de misiunile Estoniei, Fran\u021bei, Germaniei, Italiei, Lituaniei, Olandei, Suediei, Elve\u021biei, Regatului Unit \u0219i a Statelor Unite ale Americii la Chi\u015fin\u0103u.<\/p>\n","protected":false},"excerpt":{"rendered":"Chi\u0219in\u0103u, 17 mai 2017 \u2013 Cu ocazia Zilei interna\u021bionale \u00eempotriva homofobiei, transfobiei \u0219i bifobiei, exprim\u0103m sprijinul nostru pentru persoanele lesbiene, gay, bisexuale, transgender \u0219i intersex (LGBTI) din Republica Moldova. Men\u021bion\u0103m c\u0103 cel de-al 16-lea Festival LGBTI \u201eMoldova Pride\u201d este \u00een curs de desf\u0103\u0219urare. Deoarece valorile de toleran\u021b\u0103 \u0219i respect pentru diversitate sunt fundamentale pentru societ\u0103\u021bile [&hellip;]","protected":false},"author":1,"featured_media":0,"comment_status":"","ping_status":"","sticky":false,"template":"","format":"standard","meta":{"footnotes":""},"tags":[],"class_list":["post-1041","post","type-post","status-publish","format-standard","hentry"],"_links":{"self":[{"href":"https:\/\/ambchisinau.esteri.it\/ro\/wp-json\/wp\/v2\/posts\/1041","targetHints":{"allow":["GET"]}}],"collection":[{"href":"https:\/\/ambchisinau.esteri.it\/ro\/wp-json\/wp\/v2\/posts"}],"about":[{"href":"https:\/\/ambchisinau.esteri.it\/ro\/wp-json\/wp\/v2\/types\/post"}],"author":[{"embeddable":true,"href":"https:\/\/ambchisinau.esteri.it\/ro\/wp-json\/wp\/v2\/users\/1"}],"replies":[{"embeddable":true,"href":"https:\/\/ambchisinau.esteri.it\/ro\/wp-json\/wp\/v2\/comments?post=1041"}],"version-history":[{"count":0,"href":"https:\/\/ambchisinau.esteri.it\/ro\/wp-json\/wp\/v2\/posts\/1041\/revisions"}],"wp:attachment":[{"href":"https:\/\/ambchisinau.esteri.it\/ro\/wp-json\/wp\/v2\/media?parent=1041"}],"wp:term":[{"taxonomy":"post_tag","embeddable":true,"href":"https:\/\/ambchisinau.esteri.it\/ro\/wp-json\/wp\/v2\/tags?post=1041"}],"curies":[{"name":"wp","href":"https:\/\/api.w.org\/{rel}","templated":true}]}}