{"id":1134,"date":"2014-10-30T09:40:41","date_gmt":"2014-10-30T07:40:41","guid":{"rendered":"https:\/\/ambchisinau.esteri.it\/news\/dall_ambasciata\/2014\/10\/concerto-mus-ita-2\/"},"modified":"2014-10-30T09:40:41","modified_gmt":"2014-10-30T07:40:41","slug":"concerto-mus-ita-2","status":"publish","type":"post","link":"https:\/\/ambchisinau.esteri.it\/ro\/news\/dall_ambasciata\/2014\/10\/concerto-mus-ita-2\/","title":{"rendered":"INITIATIVA SLOW FOOD: UN VIITOR PENTRU AMATRICE\u00a0"},"content":{"rendered":"<p class=\"MsoNormal\" style=\"margin: 0cm 0cm 0pt;\"><span style=\"font-family: 'Palatino Linotype'; font-size: 13pt;\"><span style=\"color: #000000;\">Asocia\u0163ia Slow Food a\u00a0 lansat o campanie de solidaritate interna\u0163ional\u0103 pentru a sus\u0163ine persoanele care au fost afectate <span style=\"mso-spacerun: yes;\"><\/span>de cutremurul care a\u00a0lovit centrul Italiei pe data de 24 august. Slow Food solicit\u0103 restauratorilor din toat\u0103 lumea, \u00een special celor\u00a0de traditie culinara\u00a0italian\u0103, de a \u00eentroduce \u00een meniul lor \u201cPaste all\u2019Amatriciana\u201d \u015fi de a dona Prim\u0103riei din Amatrice doi Euro pentru fiecare platou consumat (un euro donat de c\u0103tre clien\u0163i \u015fi unul de restaurator). <\/span><\/span><\/p>\n<p class=\"MsoNormal\" style=\"margin: 0cm 0cm 0pt;\"><span style=\"font-family: 'Palatino Linotype'; font-size: 13pt;\"><\/span>\u00a0<\/p>\n<p class=\"MsoNormal\" style=\"margin: 0cm 0cm 0pt;\"><span style=\"font-family: 'Palatino Linotype'; font-size: 13pt;\"><span style=\"color: #000000;\">Mai multe detalii asupra\u00a0acestei ini\u021biative gasiti <a href=\"resource\/doc\/2016\/09\/unviitoramatrice.pdf\">AICI<\/a><\/span><\/span><\/p>\n<p class=\"MsoNormal\" style=\"margin: 0cm 0cm 0pt;\"><span style=\"font-family: 'Palatino Linotype'; font-size: 13pt;\"><\/span>\u00a0<\/p>\n<p class=\"MsoNormal\" style=\"margin: 0cm 0cm 0pt;\"><span style=\"font-family: 'Palatino Linotype'; font-size: 13pt;\"><span style=\"color: #000000;\">Coordonatele IBAN al contului curent pe care pot fi varsate sumele colectate sunt <a href=\"\/resource\/2016\/09\/48473_f_IBAN1.pdf\">disponibile AICI<\/a><\/span><\/span><\/p>\n","protected":false},"excerpt":{"rendered":"Asocia\u0163ia Slow Food a\u00a0 lansat o campanie de solidaritate interna\u0163ional\u0103 pentru a sus\u0163ine persoanele care au fost afectate de cutremurul care a\u00a0lovit centrul Italiei pe data de 24 august. Slow Food solicit\u0103 restauratorilor din toat\u0103 lumea, \u00een special celor\u00a0de traditie culinara\u00a0italian\u0103, de a \u00eentroduce \u00een meniul lor \u201cPaste all\u2019Amatriciana\u201d \u015fi de a dona Prim\u0103riei din [&hellip;]","protected":false},"author":1,"featured_media":0,"comment_status":"","ping_status":"","sticky":false,"template":"","format":"standard","meta":{"footnotes":""},"tags":[],"class_list":["post-1134","post","type-post","status-publish","format-standard","hentry"],"_links":{"self":[{"href":"https:\/\/ambchisinau.esteri.it\/ro\/wp-json\/wp\/v2\/posts\/1134","targetHints":{"allow":["GET"]}}],"collection":[{"href":"https:\/\/ambchisinau.esteri.it\/ro\/wp-json\/wp\/v2\/posts"}],"about":[{"href":"https:\/\/ambchisinau.esteri.it\/ro\/wp-json\/wp\/v2\/types\/post"}],"author":[{"embeddable":true,"href":"https:\/\/ambchisinau.esteri.it\/ro\/wp-json\/wp\/v2\/users\/1"}],"replies":[{"embeddable":true,"href":"https:\/\/ambchisinau.esteri.it\/ro\/wp-json\/wp\/v2\/comments?post=1134"}],"version-history":[{"count":0,"href":"https:\/\/ambchisinau.esteri.it\/ro\/wp-json\/wp\/v2\/posts\/1134\/revisions"}],"wp:attachment":[{"href":"https:\/\/ambchisinau.esteri.it\/ro\/wp-json\/wp\/v2\/media?parent=1134"}],"wp:term":[{"taxonomy":"post_tag","embeddable":true,"href":"https:\/\/ambchisinau.esteri.it\/ro\/wp-json\/wp\/v2\/tags?post=1134"}],"curies":[{"name":"wp","href":"https:\/\/api.w.org\/{rel}","templated":true}]}}