{"id":1964,"date":"2024-12-31T13:00:19","date_gmt":"2024-12-31T11:00:19","guid":{"rendered":"https:\/\/ambchisinau.esteri.it\/?p=1964"},"modified":"2025-01-06T14:45:57","modified_gmt":"2025-01-06T12:45:57","slug":"modificarea-tarifelor-consulare-in-vigoare-din-01-01-2025-d-lgs-139-din-18-09-2024","status":"publish","type":"post","link":"https:\/\/ambchisinau.esteri.it\/ro\/news\/dall_ambasciata\/2024\/12\/modificarea-tarifelor-consulare-in-vigoare-din-01-01-2025-d-lgs-139-din-18-09-2024\/","title":{"rendered":"Modificarea tarifelor consulare \u00eencep\u00e2nd cu 01.01.2025 &#8211; D. Lgs. 139 din 18.09.2024"},"content":{"rendered":"<p>V\u0103 inform\u0103m c\u0103, \u00eencep\u00e2nd cu 01.01.2025, vor fi aplicate urm\u0103toarele modific\u0103ri la taxele de timbru \u0219i la taxele consulare:<\/p>\n<table style=\"height: 745px;\" width=\"765\">\n<tbody>\n<tr>\n<td width=\"482\">\n<p style=\"text-align: center;\"><strong>Tax\u0103 consular\u0103<\/strong><\/p>\n<\/td>\n<td style=\"text-align: center;\" width=\"80\"><strong>De la<\/strong><\/td>\n<td width=\"80\">\n<p style=\"text-align: center;\"><b>La<\/b><\/p>\n<\/td>\n<\/tr>\n<tr>\n<td width=\"482\">Art. 4 b) actul de renun\u021bare la cet\u0103\u021benia italian\u0103, tax\u0103 fix\u0103<\/td>\n<td width=\"80\">\u20ac\u00a0\u00a0\u00a0 \u00a0\u00a041,00<\/td>\n<td width=\"80\"><strong>\u20ac \u00a0\u00a0\u00a0\u00a0\u00a050,00<\/strong><\/td>\n<\/tr>\n<tr>\n<td width=\"482\">Art. 7 Legalizarea actelor de stare civil\u0103<\/td>\n<td width=\"80\">\u20ac\u00a0\u00a0\u00a0\u00a0 \u00a011,00<\/td>\n<td width=\"80\"><strong>\u20ac\u00a0 \u00a0\u00a0\u00a0\u00a012,00<\/strong><\/td>\n<\/tr>\n<tr>\n<td width=\"482\">Art. 8 Acte ce nu se reg\u0103sesc \u00een articolele precedente din aceast\u0103 sec\u021biune, (5) per act<\/td>\n<td width=\"80\">\u20ac\u00a0\u00a0\u00a0\u00a0 \u00a011,00<\/td>\n<td width=\"80\"><strong>\u20ac\u00a0\u00a0 \u00a0\u00a0\u00a015,00<\/strong><\/td>\n<\/tr>\n<tr>\n<td width=\"482\">Art. 17 Procur\u0103 sau mandat general de reprezentare &#8211; Procura general\u0103 pentru litigii &#8211; Confirmare, modificare sau revocare: per document<\/td>\n<td width=\"80\">\u20ac\u00a0\u00a0\u00a0\u00a0 \u00a080,00<\/td>\n<td width=\"80\"><strong>\u20ac\u00a0\u00a0\u00a0 \u00a0\u00a090,00<\/strong><\/td>\n<\/tr>\n<tr>\n<td width=\"482\">Art. 18 Procur\u0103 special\u0103 &#8211; Procura special\u0103 cu sau f\u0103r\u0103 dreptul de reprezentare (10) &#8211; Modificare, revocare, renun\u021bare, ratificare sau confirmare: per act<\/td>\n<td width=\"80\">\u20ac\u00a0\u00a0\u00a0\u00a0 \u00a056,00<\/td>\n<td width=\"80\"><strong>\u20ac\u00a0 \u00a0\u00a0\u00a0\u00a060,00<\/strong><\/td>\n<\/tr>\n<tr>\n<td width=\"482\">Art. 24 Autentificarea semn\u0103turii aplicate pe un \u00eenscris privat care nu are con\u021binut patrimonial: tax\u0103 fix\u0103<\/td>\n<td width=\"80\">\u20ac\u00a0\u00a0\u00a0\u00a0 \u00a014,00<\/td>\n<td width=\"80\"><strong>\u20ac\u00a0\u00a0 \u00a0\u00a0\u00a020,00<\/strong><\/td>\n<\/tr>\n<tr>\n<td width=\"482\">Art. 55 Acte ce nu se reg\u0103sesc la articolele precedente din aceast\u0103 sec\u021biune:\u00a0 (24) per act<\/td>\n<td width=\"80\">\u20ac\u00a0\u00a0\u00a0\u00a0 \u00a025,00<\/td>\n<td width=\"80\"><strong>\u20ac\u00a0\u00a0\u00a0 \u00a0\u00a035,00<\/strong><\/td>\n<\/tr>\n<tr>\n<td width=\"482\">Art. 66 Certificate, declara\u021bii, avize, publica\u021bii pentru afi\u0219are \u0219i orice alt act ce nu se reg\u0103se\u0219te \u00een articolele anterioare din prezenta sec\u021biune (27): pentru fiecare act<\/td>\n<td width=\"80\">\u20ac\u00a0\u00a0\u00a0\u00a0 \u00a041,00<\/td>\n<td width=\"80\"><strong>\u20ac\u00a0\u00a0\u00a0\u00a0 \u00a050,00<\/strong><\/td>\n<\/tr>\n<\/tbody>\n<\/table>\n<p>De asemenea, aducem la cuno\u0219tin\u021b\u0103 c\u0103 documentele adoptate sau primite de Oficiile diplomatice \u0219i consulare nu sunt supuse taxei de timbru.<\/p>\n","protected":false},"excerpt":{"rendered":"V\u0103 inform\u0103m c\u0103, \u00eencep\u00e2nd cu 01.01.2025, vor fi aplicate urm\u0103toarele modific\u0103ri la taxele de timbru \u0219i la taxele consulare: Tax\u0103 consular\u0103 De la La Art. 4 b) actul de renun\u021bare la cet\u0103\u021benia italian\u0103, tax\u0103 fix\u0103 \u20ac\u00a0\u00a0\u00a0 \u00a0\u00a041,00 \u20ac \u00a0\u00a0\u00a0\u00a0\u00a050,00 Art. 7 Legalizarea actelor de stare civil\u0103 \u20ac\u00a0\u00a0\u00a0\u00a0 \u00a011,00 \u20ac\u00a0 \u00a0\u00a0\u00a0\u00a012,00 Art. 8 Acte ce nu [&hellip;]","protected":false},"author":4,"featured_media":1949,"comment_status":"closed","ping_status":"closed","sticky":false,"template":"","format":"standard","meta":{"footnotes":""},"tags":[],"class_list":["post-1964","post","type-post","status-publish","format-standard","has-post-thumbnail","hentry"],"_links":{"self":[{"href":"https:\/\/ambchisinau.esteri.it\/ro\/wp-json\/wp\/v2\/posts\/1964","targetHints":{"allow":["GET"]}}],"collection":[{"href":"https:\/\/ambchisinau.esteri.it\/ro\/wp-json\/wp\/v2\/posts"}],"about":[{"href":"https:\/\/ambchisinau.esteri.it\/ro\/wp-json\/wp\/v2\/types\/post"}],"author":[{"embeddable":true,"href":"https:\/\/ambchisinau.esteri.it\/ro\/wp-json\/wp\/v2\/users\/4"}],"replies":[{"embeddable":true,"href":"https:\/\/ambchisinau.esteri.it\/ro\/wp-json\/wp\/v2\/comments?post=1964"}],"version-history":[{"count":4,"href":"https:\/\/ambchisinau.esteri.it\/ro\/wp-json\/wp\/v2\/posts\/1964\/revisions"}],"predecessor-version":[{"id":1974,"href":"https:\/\/ambchisinau.esteri.it\/ro\/wp-json\/wp\/v2\/posts\/1964\/revisions\/1974"}],"wp:featuredmedia":[{"embeddable":true,"href":"https:\/\/ambchisinau.esteri.it\/ro\/wp-json\/wp\/v2\/media\/1949"}],"wp:attachment":[{"href":"https:\/\/ambchisinau.esteri.it\/ro\/wp-json\/wp\/v2\/media?parent=1964"}],"wp:term":[{"taxonomy":"post_tag","embeddable":true,"href":"https:\/\/ambchisinau.esteri.it\/ro\/wp-json\/wp\/v2\/tags?post=1964"}],"curies":[{"name":"wp","href":"https:\/\/api.w.org\/{rel}","templated":true}]}}