{"id":2257,"date":"2025-09-01T15:46:44","date_gmt":"2025-09-01T13:46:44","guid":{"rendered":"https:\/\/ambchisinau.esteri.it\/?p=2257"},"modified":"2025-09-15T15:02:52","modified_gmt":"2025-09-15T13:02:52","slug":"intrarea-in-vigoare-a-acordului-privind-securitatea-sociala","status":"publish","type":"post","link":"https:\/\/ambchisinau.esteri.it\/ro\/news\/dall_ambasciata\/2025\/09\/intrarea-in-vigoare-a-acordului-privind-securitatea-sociala\/","title":{"rendered":"Intrarea \u00een vigoare a Acordului privind securitatea social\u0103"},"content":{"rendered":"<p>Ast\u0103zi, 1 septembrie 2025, intr\u0103 \u00een vigoare Acordul privind securitatea social\u0103 \u00eentre Italia \u0219i Moldova, semnat la Roma la 31 octombrie 2024. Acesta reprezint\u0103 un alt pas important \u00een rela\u021biile dintre \u021b\u0103rile noastre \u0219i o mare recunoa\u0219tere a muncii concet\u0103\u021benilor no\u0219tri!<\/p>\n","protected":false},"excerpt":{"rendered":"Ast\u0103zi, 1 septembrie 2025, intr\u0103 \u00een vigoare Acordul privind securitatea social\u0103 \u00eentre Italia \u0219i Moldova, semnat la Roma la 31 octombrie 2024. Acesta reprezint\u0103 un alt pas important \u00een rela\u021biile dintre \u021b\u0103rile noastre \u0219i o mare recunoa\u0219tere a muncii concet\u0103\u021benilor no\u0219tri!","protected":false},"author":4,"featured_media":0,"comment_status":"closed","ping_status":"closed","sticky":false,"template":"","format":"standard","meta":{"footnotes":""},"tags":[],"class_list":["post-2257","post","type-post","status-publish","format-standard","hentry"],"_links":{"self":[{"href":"https:\/\/ambchisinau.esteri.it\/ro\/wp-json\/wp\/v2\/posts\/2257","targetHints":{"allow":["GET"]}}],"collection":[{"href":"https:\/\/ambchisinau.esteri.it\/ro\/wp-json\/wp\/v2\/posts"}],"about":[{"href":"https:\/\/ambchisinau.esteri.it\/ro\/wp-json\/wp\/v2\/types\/post"}],"author":[{"embeddable":true,"href":"https:\/\/ambchisinau.esteri.it\/ro\/wp-json\/wp\/v2\/users\/4"}],"replies":[{"embeddable":true,"href":"https:\/\/ambchisinau.esteri.it\/ro\/wp-json\/wp\/v2\/comments?post=2257"}],"version-history":[{"count":1,"href":"https:\/\/ambchisinau.esteri.it\/ro\/wp-json\/wp\/v2\/posts\/2257\/revisions"}],"predecessor-version":[{"id":2258,"href":"https:\/\/ambchisinau.esteri.it\/ro\/wp-json\/wp\/v2\/posts\/2257\/revisions\/2258"}],"wp:attachment":[{"href":"https:\/\/ambchisinau.esteri.it\/ro\/wp-json\/wp\/v2\/media?parent=2257"}],"wp:term":[{"taxonomy":"post_tag","embeddable":true,"href":"https:\/\/ambchisinau.esteri.it\/ro\/wp-json\/wp\/v2\/tags?post=2257"}],"curies":[{"name":"wp","href":"https:\/\/api.w.org\/{rel}","templated":true}]}}