{"id":2300,"date":"2025-11-04T17:00:28","date_gmt":"2025-11-04T15:00:28","guid":{"rendered":"https:\/\/ambchisinau.esteri.it\/?p=2300"},"modified":"2025-11-04T17:43:35","modified_gmt":"2025-11-04T15:43:35","slug":"comemorarea-zilei-unitatii-nationale-si-a-fortelor-armate-italiene-la-chisinau","status":"publish","type":"post","link":"https:\/\/ambchisinau.esteri.it\/ro\/news\/dall_ambasciata\/2025\/11\/comemorarea-zilei-unitatii-nationale-si-a-fortelor-armate-italiene-la-chisinau\/","title":{"rendered":"Comemorarea Zilei Unit\u0103\u021bii Na\u021bionale \u0219i a For\u021belor Armate Italiene la Chi\u0219in\u0103u"},"content":{"rendered":"<div class=\"x14z9mp xat24cr x1lziwak x1vvkbs xtlvy1s x126k92a\">\n<div dir=\"auto\" style=\"text-align: justify;\">Cu ocazia Zilei Unit\u0103\u021bii Na\u021bionale \u0219i a For\u021belor Armate Italiene, Ambasadorul Italiei \u00een Moldova, E.S. Giuseppe Maria Perricone, \u0219i Ministrul Ap\u0103r\u0103rii al Republicii Moldova, E.S. Anatolie Nosat\u00eei, au depus o coroan\u0103 de flori la Monumentul Eroilor Independen\u021bei \u201eMaica \u00cendurerat\u0103\u201d din Chi\u0219in\u0103u.<\/div>\n<div dir=\"auto\" style=\"text-align: justify;\"><\/div>\n<\/div>\n<div class=\"x14z9mp xat24cr x1lziwak x1vvkbs xtlvy1s x126k92a\" style=\"text-align: justify;\">\n<div dir=\"auto\">Este pentru prima dat\u0103 c\u00e2nd aceast\u0103 important\u0103 s\u0103rb\u0103toare se celebreaz\u0103 \u00een Moldova.<\/div>\n<div dir=\"auto\"><\/div>\n<\/div>\n<div class=\"x14z9mp xat24cr x1lziwak x1vvkbs xtlvy1s x126k92a\">\n<div dir=\"auto\" style=\"text-align: justify;\">\u021a\u0103rile noastre au adus \u00eempreun\u0103 un omagiu sacrificiului \u0219i muncii celor care \u00ee\u0219i servesc \u021bara purt\u00e2nd o uniform\u0103, re\u00eennoindu-\u0219i angajamentul comun pentru pace \u0219i securitate \u00een Europa \u0219i \u00een restul lumii.<\/div>\n<\/div>\n","protected":false},"excerpt":{"rendered":"Cu ocazia Zilei Unit\u0103\u021bii Na\u021bionale \u0219i a For\u021belor Armate Italiene, Ambasadorul Italiei \u00een Moldova, E.S. Giuseppe Maria Perricone, \u0219i Ministrul Ap\u0103r\u0103rii al Republicii Moldova, E.S. Anatolie Nosat\u00eei, au depus o coroan\u0103 de flori la Monumentul Eroilor Independen\u021bei \u201eMaica \u00cendurerat\u0103\u201d din Chi\u0219in\u0103u. Este pentru prima dat\u0103 c\u00e2nd aceast\u0103 important\u0103 s\u0103rb\u0103toare se celebreaz\u0103 \u00een Moldova. \u021a\u0103rile noastre [&hellip;]","protected":false},"author":4,"featured_media":2288,"comment_status":"closed","ping_status":"closed","sticky":false,"template":"","format":"standard","meta":{"footnotes":""},"tags":[],"class_list":["post-2300","post","type-post","status-publish","format-standard","has-post-thumbnail","hentry"],"_links":{"self":[{"href":"https:\/\/ambchisinau.esteri.it\/ro\/wp-json\/wp\/v2\/posts\/2300","targetHints":{"allow":["GET"]}}],"collection":[{"href":"https:\/\/ambchisinau.esteri.it\/ro\/wp-json\/wp\/v2\/posts"}],"about":[{"href":"https:\/\/ambchisinau.esteri.it\/ro\/wp-json\/wp\/v2\/types\/post"}],"author":[{"embeddable":true,"href":"https:\/\/ambchisinau.esteri.it\/ro\/wp-json\/wp\/v2\/users\/4"}],"replies":[{"embeddable":true,"href":"https:\/\/ambchisinau.esteri.it\/ro\/wp-json\/wp\/v2\/comments?post=2300"}],"version-history":[{"count":1,"href":"https:\/\/ambchisinau.esteri.it\/ro\/wp-json\/wp\/v2\/posts\/2300\/revisions"}],"predecessor-version":[{"id":2303,"href":"https:\/\/ambchisinau.esteri.it\/ro\/wp-json\/wp\/v2\/posts\/2300\/revisions\/2303"}],"wp:featuredmedia":[{"embeddable":true,"href":"https:\/\/ambchisinau.esteri.it\/ro\/wp-json\/wp\/v2\/media\/2288"}],"wp:attachment":[{"href":"https:\/\/ambchisinau.esteri.it\/ro\/wp-json\/wp\/v2\/media?parent=2300"}],"wp:term":[{"taxonomy":"post_tag","embeddable":true,"href":"https:\/\/ambchisinau.esteri.it\/ro\/wp-json\/wp\/v2\/tags?post=2300"}],"curies":[{"name":"wp","href":"https:\/\/api.w.org\/{rel}","templated":true}]}}