{"id":2360,"date":"2025-11-12T15:08:06","date_gmt":"2025-11-12T13:08:06","guid":{"rendered":"https:\/\/ambchisinau.esteri.it\/news\/dall_ambasciata\/2025\/11\/lambasciatore-perricone-ricevuto-dal-primo-ministro-munteanu\/"},"modified":"2025-11-19T10:32:27","modified_gmt":"2025-11-19T08:32:27","slug":"lambasciatore-perricone-ricevuto-dal-primo-ministro-munteanu","status":"publish","type":"post","link":"https:\/\/ambchisinau.esteri.it\/ro\/news\/dall_ambasciata\/2025\/11\/lambasciatore-perricone-ricevuto-dal-primo-ministro-munteanu\/","title":{"rendered":"Ambasadorul Perricone primit de Prim-ministrul Munteanu"},"content":{"rendered":"<p>La c\u00e2teva zile dup\u0103 formarea noului Guvern, Ambasadorul Perricone a fost primit ast\u0103zi de Prim-ministrul Republicii Moldova.<\/p>\n<p>\u00cen cadrul \u00eentrevederii de ast\u0103zi cu premierul Alexandru Munteanu, Ambasadorul a trecut \u00een revist\u0103 diferite domenii ale cooper\u0103rii bilaterale \u0219i a subliniat rolul comunit\u0103\u021bilor &#8211; moldoveneasc\u0103 \u00een Italia \u0219i italian\u0103 \u00een Republica Moldova &#8211; \u00een \u00eembog\u0103\u021birea interac\u021biunilor dintre cele dou\u0103 \u021b\u0103ri.<\/p>\n<div class=\"x14z9mp xat24cr x1lziwak x1vvkbs xtlvy1s x126k92a\">\n<div dir=\"auto\">Ambasadorul a confirmat sprijinul deplin al Italiei pentru Republica Moldova pe calea ader\u0103rii la Uniunea European\u0103, un obiectiv strategic pe care Chi\u0219in\u0103ul \u00ee\u0219i propune s\u0103 \u00eel ating\u0103 \u00een urm\u0103torii ani.<\/div>\n<\/div>\n","protected":false},"excerpt":{"rendered":"La c\u00e2teva zile dup\u0103 formarea noului Guvern, Ambasadorul Perricone a fost primit ast\u0103zi de Prim-ministrul Republicii Moldova. \u00cen cadrul \u00eentrevederii de ast\u0103zi cu premierul Alexandru Munteanu, Ambasadorul a trecut \u00een revist\u0103 diferite domenii ale cooper\u0103rii bilaterale \u0219i a subliniat rolul comunit\u0103\u021bilor &#8211; moldoveneasc\u0103 \u00een Italia \u0219i italian\u0103 \u00een Republica Moldova &#8211; \u00een \u00eembog\u0103\u021birea interac\u021biunilor dintre [&hellip;]","protected":false},"author":4,"featured_media":2348,"comment_status":"closed","ping_status":"closed","sticky":false,"template":"","format":"standard","meta":{"footnotes":""},"tags":[14,15],"class_list":["post-2360","post","type-post","status-publish","format-standard","has-post-thumbnail","hentry","tag-politica-estera","tag-unione-europea"],"_links":{"self":[{"href":"https:\/\/ambchisinau.esteri.it\/ro\/wp-json\/wp\/v2\/posts\/2360","targetHints":{"allow":["GET"]}}],"collection":[{"href":"https:\/\/ambchisinau.esteri.it\/ro\/wp-json\/wp\/v2\/posts"}],"about":[{"href":"https:\/\/ambchisinau.esteri.it\/ro\/wp-json\/wp\/v2\/types\/post"}],"author":[{"embeddable":true,"href":"https:\/\/ambchisinau.esteri.it\/ro\/wp-json\/wp\/v2\/users\/4"}],"replies":[{"embeddable":true,"href":"https:\/\/ambchisinau.esteri.it\/ro\/wp-json\/wp\/v2\/comments?post=2360"}],"version-history":[{"count":1,"href":"https:\/\/ambchisinau.esteri.it\/ro\/wp-json\/wp\/v2\/posts\/2360\/revisions"}],"predecessor-version":[{"id":2361,"href":"https:\/\/ambchisinau.esteri.it\/ro\/wp-json\/wp\/v2\/posts\/2360\/revisions\/2361"}],"wp:featuredmedia":[{"embeddable":true,"href":"https:\/\/ambchisinau.esteri.it\/ro\/wp-json\/wp\/v2\/media\/2348"}],"wp:attachment":[{"href":"https:\/\/ambchisinau.esteri.it\/ro\/wp-json\/wp\/v2\/media?parent=2360"}],"wp:term":[{"taxonomy":"post_tag","embeddable":true,"href":"https:\/\/ambchisinau.esteri.it\/ro\/wp-json\/wp\/v2\/tags?post=2360"}],"curies":[{"name":"wp","href":"https:\/\/api.w.org\/{rel}","templated":true}]}}