{"id":2364,"date":"2025-10-07T15:55:06","date_gmt":"2025-10-07T13:55:06","guid":{"rendered":"https:\/\/ambchisinau.esteri.it\/?p=2364"},"modified":"2025-11-19T11:01:52","modified_gmt":"2025-11-19T09:01:52","slug":"sistemul-de-intrare-iesire-ees","status":"publish","type":"post","link":"https:\/\/ambchisinau.esteri.it\/ro\/news\/dall_ambasciata\/2025\/10\/sistemul-de-intrare-iesire-ees\/","title":{"rendered":"Sistemul de intrare \/ie\u0219ire (EES)"},"content":{"rendered":"<div class=\"x14z9mp xat24cr x1lziwak x1vvkbs xtlvy1s x126k92a\">\n<div dir=\"auto\"><strong>Sistemul de intrare \/ ie\u0219ire (EES) <\/strong>este noul sistem european de gestionare a frontierelor care \u00eenregistreaz\u0103 trecerea frontierelor externe ale 29 de \u021b\u0103ri europene de c\u0103tre cet\u0103\u021benii \u021b\u0103rilor ter\u021be care c\u0103l\u0103toresc \u00een Europa pentru o scurt\u0103 \u0219edere.<\/div>\n<\/div>\n<div dir=\"auto\"><\/div>\n<div dir=\"auto\">Din <strong>12 octombrie 2025<\/strong>, 29 de \u021b\u0103ri europene care utilizeaz\u0103 EES vor implementa treptat sistemul la frontierele lor externe pe parcursul a \u0219ase luni.<\/div>\n<div dir=\"auto\">\u00cen aceast\u0103 perioad\u0103, este posibil s\u0103 nu se colecteze de la \u00eenceput datele c\u0103l\u0103torilor la fiecare punct de trecere a frontierei<\/div>\n<div dir=\"auto\"><\/div>\n<div dir=\"auto\">EES va fi pe deplin func\u021bional p\u00e2n\u0103 la <strong>10 aprilie 2026 <\/strong>odat\u0103 ce implementarea treptat\u0103 a sistemului va fi finalizat\u0103.<\/div>\n<p style=\"text-align: justify;\">Pentru mai multe informa\u021bii, consulta\u021bi pagina: <a href=\"https:\/\/travel-europe.europa.eu\/en\/ees\">https:\/\/travel-europe.europa.eu\/en\/ees<\/a><\/p>\n<p style=\"text-align: justify;\">Noua procedur\u0103 pentru c\u0103l\u0103tori este ilustrat\u0103 \u00een urm\u0103toarele documente:<\/p>\n<ol>\n<li style=\"text-align: justify;\"><a href=\"https:\/\/ambchisinau.esteri.it\/wp-content\/uploads\/2025\/10\/infografica-1.pdf\" target=\"_blank\" rel=\"noopener\">Controlul la un punct de trecere al frontierei<\/a><\/li>\n<li style=\"text-align: justify;\"><a href=\"https:\/\/ambchisinau.esteri.it\/wp-content\/uploads\/2025\/10\/infografica-2.pdf\" target=\"_blank\" rel=\"noopener\">La sistemul automatizat de tip self-service<\/a><\/li>\n<\/ol>\n","protected":false},"excerpt":{"rendered":"Sistemul de intrare \/ ie\u0219ire (EES) este noul sistem european de gestionare a frontierelor care \u00eenregistreaz\u0103 trecerea frontierelor externe ale 29 de \u021b\u0103ri europene de c\u0103tre cet\u0103\u021benii \u021b\u0103rilor ter\u021be care c\u0103l\u0103toresc \u00een Europa pentru o scurt\u0103 \u0219edere. Din 12 octombrie 2025, 29 de \u021b\u0103ri europene care utilizeaz\u0103 EES vor implementa treptat sistemul la frontierele lor [&hellip;]","protected":false},"author":4,"featured_media":2377,"comment_status":"closed","ping_status":"closed","sticky":false,"template":"","format":"standard","meta":{"footnotes":""},"tags":[],"class_list":["post-2364","post","type-post","status-publish","format-standard","has-post-thumbnail","hentry"],"_links":{"self":[{"href":"https:\/\/ambchisinau.esteri.it\/ro\/wp-json\/wp\/v2\/posts\/2364","targetHints":{"allow":["GET"]}}],"collection":[{"href":"https:\/\/ambchisinau.esteri.it\/ro\/wp-json\/wp\/v2\/posts"}],"about":[{"href":"https:\/\/ambchisinau.esteri.it\/ro\/wp-json\/wp\/v2\/types\/post"}],"author":[{"embeddable":true,"href":"https:\/\/ambchisinau.esteri.it\/ro\/wp-json\/wp\/v2\/users\/4"}],"replies":[{"embeddable":true,"href":"https:\/\/ambchisinau.esteri.it\/ro\/wp-json\/wp\/v2\/comments?post=2364"}],"version-history":[{"count":4,"href":"https:\/\/ambchisinau.esteri.it\/ro\/wp-json\/wp\/v2\/posts\/2364\/revisions"}],"predecessor-version":[{"id":2378,"href":"https:\/\/ambchisinau.esteri.it\/ro\/wp-json\/wp\/v2\/posts\/2364\/revisions\/2378"}],"wp:featuredmedia":[{"embeddable":true,"href":"https:\/\/ambchisinau.esteri.it\/ro\/wp-json\/wp\/v2\/media\/2377"}],"wp:attachment":[{"href":"https:\/\/ambchisinau.esteri.it\/ro\/wp-json\/wp\/v2\/media?parent=2364"}],"wp:term":[{"taxonomy":"post_tag","embeddable":true,"href":"https:\/\/ambchisinau.esteri.it\/ro\/wp-json\/wp\/v2\/tags?post=2364"}],"curies":[{"name":"wp","href":"https:\/\/api.w.org\/{rel}","templated":true}]}}