{"id":2458,"date":"2025-08-08T12:04:30","date_gmt":"2025-08-08T10:04:30","guid":{"rendered":"https:\/\/ambchisinau.esteri.it\/?p=2458"},"modified":"2025-11-20T18:22:33","modified_gmt":"2025-11-20T16:22:33","slug":"ziua-sacrificiului-muncii-in-italia-si-in-intreaga-lume-mesaj-din-partea-viceprim-ministrului-si-ministrului-afacerilor-externe-si-cooperarii-internationale-onorabilul-antonio-tajani","status":"publish","type":"post","link":"https:\/\/ambchisinau.esteri.it\/ro\/news\/dall_ambasciata\/2025\/08\/ziua-sacrificiului-muncii-in-italia-si-in-intreaga-lume-mesaj-din-partea-viceprim-ministrului-si-ministrului-afacerilor-externe-si-cooperarii-internationale-onorabilul-antonio-tajani\/","title":{"rendered":"Ziua Sacrificiului Muncii \u00een Italia \u0219i \u00een \u00eentreaga lume \u2013 Mesaj din partea Viceprim-ministrului \u0219i Ministrului Afacerilor Externe \u0219i Cooper\u0103rii Interna\u021bionale, onorabilul Antonio Tajani"},"content":{"rendered":"<p>Data de 8 august marcheaz\u0103 Ziua Na\u021bional\u0103 a Sacrificiului Muncitorilor Italieni din \u00eentreaga Lume, care coincide cu comemorarea tragediei miniere de la Marcinelle, Belgia, unde 262 de mineri, dintre care 136 italieni, \u0219i-au pierdut via\u021ba \u00een mina Bois du Cazier \u00een 1956.<\/p>\n<p>Cu aceast\u0103 ocazie, Viceprim-ministrul \u0219i Ministrul Afacerilor Externe \u0219i Cooper\u0103rii Interna\u021bionale, Antonio Tajani, a adresat un mesaj compatrio\u021bilor s\u0103i din str\u0103in\u0103tate &#8211; <a href=\"https:\/\/ambchisinau.esteri.it\/wp-content\/uploads\/2025\/08\/8624959MESSAGGIO-VP-TAJANI-GIORNATA-DEL-SACRIFICIO-DEL-LAVORO-ITALIANO.pdf\">vede\u021bi textul \u00een limba italan\u0103<\/a>.<\/p>\n","protected":false},"excerpt":{"rendered":"Data de 8 august marcheaz\u0103 Ziua Na\u021bional\u0103 a Sacrificiului Muncitorilor Italieni din \u00eentreaga Lume, care coincide cu comemorarea tragediei miniere de la Marcinelle, Belgia, unde 262 de mineri, dintre care 136 italieni, \u0219i-au pierdut via\u021ba \u00een mina Bois du Cazier \u00een 1956. Cu aceast\u0103 ocazie, Viceprim-ministrul \u0219i Ministrul Afacerilor Externe \u0219i Cooper\u0103rii Interna\u021bionale, Antonio Tajani, [&hellip;]","protected":false},"author":4,"featured_media":2228,"comment_status":"closed","ping_status":"closed","sticky":false,"template":"","format":"standard","meta":{"footnotes":""},"tags":[],"class_list":["post-2458","post","type-post","status-publish","format-standard","has-post-thumbnail","hentry"],"_links":{"self":[{"href":"https:\/\/ambchisinau.esteri.it\/ro\/wp-json\/wp\/v2\/posts\/2458","targetHints":{"allow":["GET"]}}],"collection":[{"href":"https:\/\/ambchisinau.esteri.it\/ro\/wp-json\/wp\/v2\/posts"}],"about":[{"href":"https:\/\/ambchisinau.esteri.it\/ro\/wp-json\/wp\/v2\/types\/post"}],"author":[{"embeddable":true,"href":"https:\/\/ambchisinau.esteri.it\/ro\/wp-json\/wp\/v2\/users\/4"}],"replies":[{"embeddable":true,"href":"https:\/\/ambchisinau.esteri.it\/ro\/wp-json\/wp\/v2\/comments?post=2458"}],"version-history":[{"count":1,"href":"https:\/\/ambchisinau.esteri.it\/ro\/wp-json\/wp\/v2\/posts\/2458\/revisions"}],"predecessor-version":[{"id":2460,"href":"https:\/\/ambchisinau.esteri.it\/ro\/wp-json\/wp\/v2\/posts\/2458\/revisions\/2460"}],"wp:featuredmedia":[{"embeddable":true,"href":"https:\/\/ambchisinau.esteri.it\/ro\/wp-json\/wp\/v2\/media\/2228"}],"wp:attachment":[{"href":"https:\/\/ambchisinau.esteri.it\/ro\/wp-json\/wp\/v2\/media?parent=2458"}],"wp:term":[{"taxonomy":"post_tag","embeddable":true,"href":"https:\/\/ambchisinau.esteri.it\/ro\/wp-json\/wp\/v2\/tags?post=2458"}],"curies":[{"name":"wp","href":"https:\/\/api.w.org\/{rel}","templated":true}]}}