{"id":2486,"date":"2025-11-21T15:55:47","date_gmt":"2025-11-21T13:55:47","guid":{"rendered":"https:\/\/ambchisinau.esteri.it\/?p=2486"},"modified":"2025-11-21T16:00:51","modified_gmt":"2025-11-21T14:00:51","slug":"modificarea-costului-pasaportului-electronic-simplu","status":"publish","type":"post","link":"https:\/\/ambchisinau.esteri.it\/ro\/news\/dall_ambasciata\/2025\/11\/modificarea-costului-pasaportului-electronic-simplu\/","title":{"rendered":"Modificarea costului pa\u0219aportului electronic simplu"},"content":{"rendered":"<p>Prin Decretul din 23 septembrie 2025 emis de Ministrul Economiei \u0219i Finan\u021belor, \u00een acord cu Ministrul Afacerilor Externe \u0219i Eooper\u0103rii Interna\u021bionale, Ministrul Afacerilro Interne \u0219i Ministrul Administra\u021biei Publice, publicat \u00een Monitorul Oficial al Republicii Italiene <em>(Gazzetta Ufficiale<\/em>) din 17 octombrie 2025, a fost ajustat\u0103 taxa pentru eliberarea pa\u0219aportui electronic simplu.<\/p>\n<p>Aceast\u0103 ajustare va intra \u00een vigoare \u00eencep\u00e2nd cu <strong>1 decembrie 2025<\/strong>.<\/p>\n<p>De la aceast\u0103 dat\u0103, solicitan\u021bii de pa\u0219aport vor trebui s\u0103 pl\u0103teasc\u0103 <strong>116,20 euro<\/strong>.<\/p>\n<p>Cet\u0103\u021benii italieni care au programat o \u00eent\u00e2lnire pentru ob\u021binerea pa\u0219aportului \u00eencep\u00e2nd cu 1 decembrie 2025 \u0219i care au pl\u0103tit deja taxa consular\u0103 vor trebui s\u0103 achite suplimentar diferen\u021ba de 0,20 euro.<\/p>\n<p>V\u0103 inform\u0103m c\u0103 aceast\u0103 diferen\u021b\u0103 nu va fi acceptat\u0103 \u00een numerar la ghi\u0219eu.<\/p>\n","protected":false},"excerpt":{"rendered":"Prin Decretul din 23 septembrie 2025 emis de Ministrul Economiei \u0219i Finan\u021belor, \u00een acord cu Ministrul Afacerilor Externe \u0219i Eooper\u0103rii Interna\u021bionale, Ministrul Afacerilro Interne \u0219i Ministrul Administra\u021biei Publice, publicat \u00een Monitorul Oficial al Republicii Italiene (Gazzetta Ufficiale) din 17 octombrie 2025, a fost ajustat\u0103 taxa pentru eliberarea pa\u0219aportui electronic simplu. Aceast\u0103 ajustare va intra \u00een [&hellip;]","protected":false},"author":4,"featured_media":2483,"comment_status":"closed","ping_status":"closed","sticky":false,"template":"","format":"standard","meta":{"footnotes":""},"tags":[12],"class_list":["post-2486","post","type-post","status-publish","format-standard","has-post-thumbnail","hentry","tag-italiani-nel-mondo"],"_links":{"self":[{"href":"https:\/\/ambchisinau.esteri.it\/ro\/wp-json\/wp\/v2\/posts\/2486","targetHints":{"allow":["GET"]}}],"collection":[{"href":"https:\/\/ambchisinau.esteri.it\/ro\/wp-json\/wp\/v2\/posts"}],"about":[{"href":"https:\/\/ambchisinau.esteri.it\/ro\/wp-json\/wp\/v2\/types\/post"}],"author":[{"embeddable":true,"href":"https:\/\/ambchisinau.esteri.it\/ro\/wp-json\/wp\/v2\/users\/4"}],"replies":[{"embeddable":true,"href":"https:\/\/ambchisinau.esteri.it\/ro\/wp-json\/wp\/v2\/comments?post=2486"}],"version-history":[{"count":1,"href":"https:\/\/ambchisinau.esteri.it\/ro\/wp-json\/wp\/v2\/posts\/2486\/revisions"}],"predecessor-version":[{"id":2487,"href":"https:\/\/ambchisinau.esteri.it\/ro\/wp-json\/wp\/v2\/posts\/2486\/revisions\/2487"}],"wp:featuredmedia":[{"embeddable":true,"href":"https:\/\/ambchisinau.esteri.it\/ro\/wp-json\/wp\/v2\/media\/2483"}],"wp:attachment":[{"href":"https:\/\/ambchisinau.esteri.it\/ro\/wp-json\/wp\/v2\/media?parent=2486"}],"wp:term":[{"taxonomy":"post_tag","embeddable":true,"href":"https:\/\/ambchisinau.esteri.it\/ro\/wp-json\/wp\/v2\/tags?post=2486"}],"curies":[{"name":"wp","href":"https:\/\/api.w.org\/{rel}","templated":true}]}}