{"id":2973,"date":"2025-12-10T16:00:22","date_gmt":"2025-12-10T14:00:22","guid":{"rendered":"https:\/\/ambchisinau.esteri.it\/?p=2973"},"modified":"2025-12-11T09:53:03","modified_gmt":"2025-12-11T07:53:03","slug":"bucataria-italiana-patrimoniu-cultural-imaterial-al-umanitatii","status":"publish","type":"post","link":"https:\/\/ambchisinau.esteri.it\/ro\/news\/dall_ambasciata\/2025\/12\/bucataria-italiana-patrimoniu-cultural-imaterial-al-umanitatii\/","title":{"rendered":"Buc\u0103t\u0103ria italian\u0103 &#8211; patrimoniu cultural imaterial al umanit\u0103\u021bii!"},"content":{"rendered":"<p style=\"text-align: justify;\">Ast\u0103zi, la New Delhi, a fost aprobat\u0103 includerea \u201e<strong>buc\u0103t\u0103riei italien<\/strong>e\u201d \u00een Lista reprezentativ\u0103 a patrimoniului cultural imaterial al umanit\u0103\u021bii.<\/p>\n<p style=\"text-align: justify;\">\u00cen timpul misiunii sale \u00een India, ministrul de externe Antonio Tajani a participat la cea de-a 20-a sesiune a Comitetului interguvernamental al UNESCO pentru salvgardarea patrimoniului cultural imaterial, s\u0103rb\u0103torind prestigioasa realizare a buc\u0103t\u0103riei italiene. \u201e<em>Acest rezultat este rodul unei puternice colabor\u0103ri \u00eentre institu\u021bii, asocia\u021bii, buc\u0103tari \u0219i produc\u0103tori, ob\u021binut gra\u021bie muncii constante a ambasadelor \u0219i consulatelor noastre din \u00eentreaga lume<\/em>\u201d, a subliniat ministrul.<\/p>\n<p style=\"text-align: justify;\">Propus\u0103 de Colegiul culinar Asocia\u021bia cultural\u0103 pentru gastronomia \u0219i vinurile italiene (<em>Collegio Culinario Associazione culturale per l&#8217;enogastronomia italiana<\/em>), \u00een colaborare cu Casa Artusi, Academia italian\u0103 de gastronomie (<em>Accademia della Cucina Italiana<\/em>) \u0219i revista \u201e<em>La Cucina Italiana<\/em>\u201d, <strong>includerea buc\u0103t\u0103riei italiene pe lista UNESCO reafirm\u0103 rolul central al excelen\u021bei italiene \u00een domeniile culturii, cre\u0219terii, inov\u0103rii \u0219i durabilit\u0103\u021bii<\/strong>.<\/p>\n<p style=\"text-align: justify;\">\u00cen 2024, exporturile agroalimentare italiene au atins un nivel record de 68 de miliarde de euro, \u00een cre\u0219tere cu peste 8 %. \u00cen primele opt luni ale anului 2025, acestea au \u00eenregistrat o cre\u0219tere suplimentar\u0103 de 6 %, eviden\u021biind cererea tot mai mare de produse italiene la nivel mondial.<\/p>\n","protected":false},"excerpt":{"rendered":"Ast\u0103zi, la New Delhi, a fost aprobat\u0103 includerea \u201ebuc\u0103t\u0103riei italiene\u201d \u00een Lista reprezentativ\u0103 a patrimoniului cultural imaterial al umanit\u0103\u021bii. \u00cen timpul misiunii sale \u00een India, ministrul de externe Antonio Tajani a participat la cea de-a 20-a sesiune a Comitetului interguvernamental al UNESCO pentru salvgardarea patrimoniului cultural imaterial, s\u0103rb\u0103torind prestigioasa realizare a buc\u0103t\u0103riei italiene. \u201eAcest rezultat [&hellip;]","protected":false},"author":4,"featured_media":2972,"comment_status":"closed","ping_status":"closed","sticky":false,"template":"","format":"standard","meta":{"footnotes":""},"tags":[],"class_list":["post-2973","post","type-post","status-publish","format-standard","has-post-thumbnail","hentry"],"_links":{"self":[{"href":"https:\/\/ambchisinau.esteri.it\/ro\/wp-json\/wp\/v2\/posts\/2973","targetHints":{"allow":["GET"]}}],"collection":[{"href":"https:\/\/ambchisinau.esteri.it\/ro\/wp-json\/wp\/v2\/posts"}],"about":[{"href":"https:\/\/ambchisinau.esteri.it\/ro\/wp-json\/wp\/v2\/types\/post"}],"author":[{"embeddable":true,"href":"https:\/\/ambchisinau.esteri.it\/ro\/wp-json\/wp\/v2\/users\/4"}],"replies":[{"embeddable":true,"href":"https:\/\/ambchisinau.esteri.it\/ro\/wp-json\/wp\/v2\/comments?post=2973"}],"version-history":[{"count":1,"href":"https:\/\/ambchisinau.esteri.it\/ro\/wp-json\/wp\/v2\/posts\/2973\/revisions"}],"predecessor-version":[{"id":2976,"href":"https:\/\/ambchisinau.esteri.it\/ro\/wp-json\/wp\/v2\/posts\/2973\/revisions\/2976"}],"wp:featuredmedia":[{"embeddable":true,"href":"https:\/\/ambchisinau.esteri.it\/ro\/wp-json\/wp\/v2\/media\/2972"}],"wp:attachment":[{"href":"https:\/\/ambchisinau.esteri.it\/ro\/wp-json\/wp\/v2\/media?parent=2973"}],"wp:term":[{"taxonomy":"post_tag","embeddable":true,"href":"https:\/\/ambchisinau.esteri.it\/ro\/wp-json\/wp\/v2\/tags?post=2973"}],"curies":[{"name":"wp","href":"https:\/\/api.w.org\/{rel}","templated":true}]}}