{"id":3153,"date":"2026-01-27T13:01:02","date_gmt":"2026-01-27T11:01:02","guid":{"rendered":"https:\/\/ambchisinau.esteri.it\/?p=3153"},"modified":"2026-01-27T13:25:59","modified_gmt":"2026-01-27T11:25:59","slug":"ziua-comemorarii-victimelor-holocaustului-videomesajul-vicepresedintelui-consiliului-de-ministri-si-ministrului-afacerilor-externe-si-cooperarii-internationale-antonio-tajani","status":"publish","type":"post","link":"https:\/\/ambchisinau.esteri.it\/ro\/news\/dall_ambasciata\/2026\/01\/ziua-comemorarii-victimelor-holocaustului-videomesajul-vicepresedintelui-consiliului-de-ministri-si-ministrului-afacerilor-externe-si-cooperarii-internationale-antonio-tajani\/","title":{"rendered":"Ziua Comemor\u0103rii Victimelor Holocaustului: videomesajul Vicepre\u0219edintelui Consiliului de Mini\u0219tri \u0219i Ministrului Afacerilor Externe \u0219i Cooper\u0103rii Interna\u021bionale, Antonio Tajani"},"content":{"rendered":"<p><strong>ZIUA COMEMOR\u0102RII VICTIMELOR HOLOCAUSTULUI<\/strong><\/p>\n<p><code><iframe loading=\"lazy\" title=\"YouTube video player\" src=\"https:\/\/www.youtube.com\/embed\/HOih6vpsnDY?si=kkfGQh0GOdsJ2d2o\" width=\"560\" height=\"315\" frameborder=\"0\" allowfullscreen=\"allowfullscreen\"><\/iframe><\/code><\/p>\n<p>\u0218i \u00een acest an, cu ocazia Zilei Comemor\u0103rii Victimelor Holocaustului, care se s\u0103rb\u0103tore\u0219te pe 27 ianuarie, este difuzat un mesaj video \u00eenregistrat de viceprim-ministrul \u0219i ministrul afacerilor externe \u0219i cooper\u0103rii interna\u021bionale, Antonio Tajani:<\/p>\n<p>Traducerea mesajului video:<\/p>\n<p style=\"text-align: justify;\">\u201e<em>Ast\u0103zi, de Ziua Memoriei, aducem un omagiu victimelor Holocaustului \u0219i \u00eei comemor\u0103m pe supravie\u021buitori, pentru a ne asigura c\u0103 ororile Holocaustului nu se vor repeta niciodat\u0103.<\/em><br \/>\n<em>Comemorarea nu este un ritual formal. Este o responsabilitate colectiv\u0103 fa\u021b\u0103 de viitor.<\/em><br \/>\n<em>A\u0219 dori s\u0103 mul\u021bumesc tuturor Ambasadelor, Consulatelor \u0219i Institutelor Italiene de Cultur\u0103 din \u00eentreaga lume pentru c\u0103 au \u00eent\u0103rit ast\u0103zi acest mesaj prin numeroase ini\u021biative.<\/em><br \/>\n<em>Este datoria noastr\u0103 s\u0103 transmitem genera\u021biilor viitoare o lume liber\u0103 de virusul antisemitismului.<\/em><br \/>\n<em>A\u0219a cum am avut onoarea s\u0103 spun c\u00e2nd, \u00een calitate de Ministru de externe, am reprezentat guvernul la Ziua Comemor\u0103rii Holocaustului la Muzeul Yad Vashem, nimeni nu ar trebui s\u0103 mai tr\u0103iasc\u0103 vreodat\u0103 \u00een fric\u0103 doar pentru c\u0103 este evreu.<\/em><br \/>\n<em>Abisul Shoah a lovit \u00een inima civiliza\u021biei noastre \u0219i a l\u0103sat o amprent\u0103 de ne\u0219ters asupra istoriei \u0219i identit\u0103\u021bii Europei.<\/em><br \/>\n<em>Nu este suficient s\u0103 ne amintim.<br \/>\nTrebuie s\u0103 fim \u0219i vigilen\u021bi.<br \/>\nAntisemitismul nu a disp\u0103rut.<\/em><br \/>\n<em>Este un spectru care reapare \u00een societ\u0103\u021bile noastre, \u00een Europa \u0219i \u00een \u00eentreaga lume.<\/em><br \/>\n<em>Din p\u0103cate, ne reamintim acest lucru prin atacuri teroriste la\u0219e, precum cel de la Bondi Beach din Australia, pe care \u00eel condamn\u0103m cu fermitate \u0219i f\u0103r\u0103 ezitare.<\/em><br \/>\n<em>Dar exist\u0103 \u0219i multe episoade de violen\u021b\u0103 \u0219i discriminare zilnic\u0103, chiar \u0219i \u00een ora\u0219ele noastre, chiar \u0219i \u00een Europa.<\/em><br \/>\n<em>Antisemitismul este un venin invizibil.<\/em><br \/>\n<em>Ast\u0103zi, se r\u0103sp\u00e2nde\u0219te \u00een principal online \u0219i pe re\u021belele de socializare.<\/em><br \/>\n<em>Prin urmare, avem nevoie de antidotul memoriei, al cunoa\u0219terii \u0219i al respectului.<\/em><br \/>\n<em>Vrem s\u0103 \u00eel introducem din ce \u00een ce mai mult \u00een \u0219coli, universit\u0103\u021bi \u0219i pe str\u0103zile noastre.<\/em><br \/>\n<em>Lupta \u00eempotriva antisemitismului este, pentru mine, lupta unei vie\u021bi, at\u00e2t din punct de vedere politic, c\u00e2t \u0219i personal.<\/em><br \/>\n<em>Antisemitismul nu are loc \u00een societatea noastr\u0103. Este incompatibil cu valorile, principiile \u0219i identitatea noastr\u0103.<\/em><br \/>\n<em>Guvernul italian se afl\u0103 \u00een prima linie a luptei \u00eempotriva urii antisemite.<\/em><br \/>\n<em>Acesta este un angajament pe care \u00eel asum \u00een fiecare zi, at\u00e2t \u00een Europa, c\u00e2t \u0219i la toate reuniunile interna\u021bionale, ca semn al eforturilor noastre concrete \u0219i ne\u00eencetate de a promova dialogul \u0219i pacea.<\/em><br \/>\n<em>Ast\u0103zi, \u00eempreun\u0103, spunem \u00eenc\u0103 o dat\u0103, pretutindeni \u00een lume: MAI MULT NICIODAT\u0102!\u201d<\/em><\/p>\n","protected":false},"excerpt":{"rendered":"ZIUA COMEMOR\u0102RII VICTIMELOR HOLOCAUSTULUI \u0218i \u00een acest an, cu ocazia Zilei Comemor\u0103rii Victimelor Holocaustului, care se s\u0103rb\u0103tore\u0219te pe 27 ianuarie, este difuzat un mesaj video \u00eenregistrat de viceprim-ministrul \u0219i ministrul afacerilor externe \u0219i cooper\u0103rii interna\u021bionale, Antonio Tajani: Traducerea mesajului video: \u201eAst\u0103zi, de Ziua Memoriei, aducem un omagiu victimelor Holocaustului \u0219i \u00eei comemor\u0103m pe supravie\u021buitori, pentru [&hellip;]","protected":false},"author":4,"featured_media":3149,"comment_status":"closed","ping_status":"closed","sticky":false,"template":"","format":"standard","meta":{"footnotes":""},"tags":[10],"class_list":["post-3153","post","type-post","status-publish","format-standard","has-post-thumbnail","hentry","tag-diritti-umani"],"_links":{"self":[{"href":"https:\/\/ambchisinau.esteri.it\/ro\/wp-json\/wp\/v2\/posts\/3153","targetHints":{"allow":["GET"]}}],"collection":[{"href":"https:\/\/ambchisinau.esteri.it\/ro\/wp-json\/wp\/v2\/posts"}],"about":[{"href":"https:\/\/ambchisinau.esteri.it\/ro\/wp-json\/wp\/v2\/types\/post"}],"author":[{"embeddable":true,"href":"https:\/\/ambchisinau.esteri.it\/ro\/wp-json\/wp\/v2\/users\/4"}],"replies":[{"embeddable":true,"href":"https:\/\/ambchisinau.esteri.it\/ro\/wp-json\/wp\/v2\/comments?post=3153"}],"version-history":[{"count":3,"href":"https:\/\/ambchisinau.esteri.it\/ro\/wp-json\/wp\/v2\/posts\/3153\/revisions"}],"predecessor-version":[{"id":3161,"href":"https:\/\/ambchisinau.esteri.it\/ro\/wp-json\/wp\/v2\/posts\/3153\/revisions\/3161"}],"wp:featuredmedia":[{"embeddable":true,"href":"https:\/\/ambchisinau.esteri.it\/ro\/wp-json\/wp\/v2\/media\/3149"}],"wp:attachment":[{"href":"https:\/\/ambchisinau.esteri.it\/ro\/wp-json\/wp\/v2\/media?parent=3153"}],"wp:term":[{"taxonomy":"post_tag","embeddable":true,"href":"https:\/\/ambchisinau.esteri.it\/ro\/wp-json\/wp\/v2\/tags?post=3153"}],"curies":[{"name":"wp","href":"https:\/\/api.w.org\/{rel}","templated":true}]}}