{"id":607,"date":"2020-11-17T11:52:40","date_gmt":"2020-11-17T09:52:40","guid":{"rendered":"https:\/\/ambchisinau.esteri.it\/news\/dall_ambasciata\/2020\/11\/messaggio-di-auguri-inviato-dal-2\/"},"modified":"2025-11-19T10:33:18","modified_gmt":"2025-11-19T08:33:18","slug":"messaggio-di-auguri-inviato-dal-2","status":"publish","type":"post","link":"https:\/\/ambchisinau.esteri.it\/ro\/news\/dall_ambasciata\/2020\/11\/messaggio-di-auguri-inviato-dal-2\/","title":{"rendered":"Mesajul de felicitare transmis de Pre\u0219edintele Republicii Italiene, Sergio Mattarella, Pre\u0219edintei alese a Republicii Moldova, Maia Sandu:"},"content":{"rendered":"<p>&#8222;<em>E.S. MAIA SANDU,<\/em><\/p>\n<p><em>ALEGEREA DUMNEAVOASTR\u0102 LA PRE\u0218EDIN\u021aIA REPUBLICII MOLDOVA \u00ceMI OFER\u0102 PL\u0102CUTA OCAZIE DE A V\u0102 TRANSMITE SINCERE FELICIT\u0102RI \u0218I S\u0102 V\u0102 UREZ MULT SUCCES \u00ceN DESF\u0102\u0218URAREA \u00ceNALTEI FUNC\u021aII CARE V-A FOST \u00ceNCREDIN\u021aAT\u0102 DE POPORUL MOLDOVEAN.<\/em><\/p>\n<p><em>SPER DIN TOT SUFLETUL CA RELA\u021aIILE EXCELENTE \u00ceNTRE \u021a\u0102RILE NOASTRE S\u0102 SE CONSOLIDEZE \u0218I MAI MULT \u00ceN TOATE DOMENIILE DE INTERES COMUN. LA CONSOLIDAREA CONSTANT\u0102 A RELA\u021aIILOR DE PRIETENIE CONTRIBUIE, \u00ceN MOD SPECIAL, CET\u0102\u021aENII MOLDOVENI STABILI\u021aI \u00ceN ITALIA, CE CONSTITUIE UNA DIN CELE MAI NUMEROASE COMUNIT\u0102\u021aI MOLDOVENE\u0218TI PESTE HOTARE \u0218I CE SUNT CAPABILI S\u0102 SE INTEGREZE PE DEPLIN DIN PUNCT DE VEDERE CULTURAL, SOCIAL \u0218I ECONOMIC \u00ceN SOCIETATEA NOASTR\u0102, R\u0102M\u00c2N\u00c2ND, \u00ceN ACELA\u0218I TIMP, LEGA\u021aI DE PROPRIILE ORIGINI.<\/em><\/p>\n<p><em>A\u0218 DORI S\u0102 V\u0102 CONFIRM, DE ASEMENEA, C\u0102 ROMA VA SUS\u021aINE \u00ceN CONTINUARE EFORTURILE CHI\u0218IN\u0102ULUI \u00ceN PARCURSUL S\u0102U DE APROPIERE LA UNIUNEA EUROPEAN\u0102, OFERINDU-I CEA MAI AMPL\u0102 COLABORARE POSIBIL\u0102 \u00ceN REFORMELE PE CARE REPUBLICA MOLDOVA VA TREBUI S\u0102 LE IMPLEMENTEZE \u00ceN URM\u0102TORII ANI.<\/em><\/p>\n<p><em>\u00ceN ACEST SPIRIT, V\u0102 ROG S\u0102 ACCEPTA\u021aI, DOAMN\u0102 PRE\u0218EDINT\u0102 ALEAS\u0102, CELE MAI SINCERE UR\u0102RI DE BINE DIN PARTEA REPUBLICII ITALIENE<\/em>. &#8222;<\/p>\n","protected":false},"excerpt":{"rendered":"&#8222;E.S. MAIA SANDU, ALEGEREA DUMNEAVOASTR\u0102 LA PRE\u0218EDIN\u021aIA REPUBLICII MOLDOVA \u00ceMI OFER\u0102 PL\u0102CUTA OCAZIE DE A V\u0102 TRANSMITE SINCERE FELICIT\u0102RI \u0218I S\u0102 V\u0102 UREZ MULT SUCCES \u00ceN DESF\u0102\u0218URAREA \u00ceNALTEI FUNC\u021aII CARE V-A FOST \u00ceNCREDIN\u021aAT\u0102 DE POPORUL MOLDOVEAN. SPER DIN TOT SUFLETUL CA RELA\u021aIILE EXCELENTE \u00ceNTRE \u021a\u0102RILE NOASTRE S\u0102 SE CONSOLIDEZE \u0218I MAI MULT \u00ceN TOATE DOMENIILE [&hellip;]","protected":false},"author":1,"featured_media":0,"comment_status":"closed","ping_status":"closed","sticky":false,"template":"","format":"standard","meta":{"footnotes":""},"tags":[],"class_list":["post-607","post","type-post","status-publish","format-standard","hentry"],"_links":{"self":[{"href":"https:\/\/ambchisinau.esteri.it\/ro\/wp-json\/wp\/v2\/posts\/607","targetHints":{"allow":["GET"]}}],"collection":[{"href":"https:\/\/ambchisinau.esteri.it\/ro\/wp-json\/wp\/v2\/posts"}],"about":[{"href":"https:\/\/ambchisinau.esteri.it\/ro\/wp-json\/wp\/v2\/types\/post"}],"author":[{"embeddable":true,"href":"https:\/\/ambchisinau.esteri.it\/ro\/wp-json\/wp\/v2\/users\/1"}],"replies":[{"embeddable":true,"href":"https:\/\/ambchisinau.esteri.it\/ro\/wp-json\/wp\/v2\/comments?post=607"}],"version-history":[{"count":1,"href":"https:\/\/ambchisinau.esteri.it\/ro\/wp-json\/wp\/v2\/posts\/607\/revisions"}],"predecessor-version":[{"id":2362,"href":"https:\/\/ambchisinau.esteri.it\/ro\/wp-json\/wp\/v2\/posts\/607\/revisions\/2362"}],"wp:attachment":[{"href":"https:\/\/ambchisinau.esteri.it\/ro\/wp-json\/wp\/v2\/media?parent=607"}],"wp:term":[{"taxonomy":"post_tag","embeddable":true,"href":"https:\/\/ambchisinau.esteri.it\/ro\/wp-json\/wp\/v2\/tags?post=607"}],"curies":[{"name":"wp","href":"https:\/\/api.w.org\/{rel}","templated":true}]}}