{"id":782,"date":"2019-08-14T15:04:18","date_gmt":"2019-08-14T13:04:18","guid":{"rendered":"https:\/\/ambchisinau.esteri.it\/news\/dall_ambasciata\/2019\/08\/borse-di-studio-maeci-per-l-accademia-2\/"},"modified":"2019-08-14T15:04:18","modified_gmt":"2019-08-14T13:04:18","slug":"borse-di-studio-maeci-per-l-accademia-2","status":"publish","type":"post","link":"https:\/\/ambchisinau.esteri.it\/ro\/news\/dall_ambasciata\/2019\/08\/borse-di-studio-maeci-per-l-accademia-2\/","title":{"rendered":"Burse de studiu MAECI la Academia Teatrului de Oper\u0103 Scala din Milano"},"content":{"rendered":"<p><strong>A.A. 2019-2020<\/strong><\/p>\n<p>Ministerul italian al Afacerilor Externe \u0219i Cooper\u0103rii Interna\u021bionale ofer\u0103 burse la Cursul de perfec\u021bionare pentru c\u00e2nt\u0103re\u021bi de oper\u0103 \u0219i la Cursul de Master \u00een \u201dPerforming Arts Management\u201d la Academia de Arte \u0219i Meserii ale Spectacolului de pe l\u00e2ng\u0103 Teatrul de Oper\u0103 Scala din<br \/>Milano.<\/p>\n<p>Teatrul Scala din Milano este principalul teatru de oper\u0103 italian \u0219i este considerat unul dintre cele mai prestigioase teatre din lume. Teatrul Scala a fost inaugurat \u00een 1778 \u0219i g\u0103zduie\u0219te corul, orchestra, grupul de dans \u0219i Filarmonica cu acelea\u0219i nume. \u00cen cei peste 200 de ani de activitate, Teatrul a fost gazda nenum\u0103ra\u021bilor arti\u0219ti de faim\u0103 interna\u021bional\u0103, inclusiv compozitori, voci excep\u021bionale, regizori<br \/>coregrafi \u0219i dansatori. \u00cen 1813 a fost inaugurat\u0103 Academia Teatrului Scala, recunoscut\u0103 printre cele mai bune institu\u021bii de formare teatral\u0103 la nivel interna\u021bional, care cuprinde patru departamente: Muzic\u0103, Dans, Scenografie &#8211; Reprezentare Scenic\u0103 \u0219i Management, care acoper\u0103 toate profilurile profesionale legate de teatrul muzical, cu o bogat\u0103 ofert\u0103 didactic\u0103 ce const\u0103 din cursuri de formare profesional\u0103, specializare \u0219i ateliere. \u00cen fiecare an, tinerii cu v\u00e2rste cuprinse \u00eentre 6 \u0219i 30 de ani din toat\u0103 lumea studiaz\u0103 pentru a excela \u00een domeniul artistic, tehnic \u0219i managerial.<\/p>\n<p><a href=\"http:\/\/www.accademialascala.it\">http:\/\/www.accademialascala.it<\/a><\/p>\n<p>Cursul de perfec\u021bionare pentru c\u00e2nt\u0103re\u021bii de oper\u0103 ofer\u0103 studen\u021bilor posibilitatea de a acumula un patrimoniu exclusiv de experien\u021b\u0103. Sunt prev\u0103zute 11 burse a c\u00e2te 9 luni fiecare pentru tinerii c\u00e2nt\u0103re\u021bi de oper\u0103 str\u0103ini care vor trece testele de selec\u021bie pentru a<br \/>frecventa cursul de perfec\u021bionare \u00een canto liric organizat de Academie. Cursurile vor \u00eencepe de la 1 ianuarie 2020, iar bursa lunar\u0103 este de 900,00 EUR. Informa\u021bia urmeaz\u0103 a fi publicat\u0103 \u00een scurt timp pe pagina web a Academiei. Candidaturile vor putea fi prezentate \u00een perioada 4 septembrie &#8211;\u00a011 octombrie curent.<\/p>\n<p>Cursul de Master \u00een \u201dPerforming Arts Management\u201d pune la dispozi\u021bie\u00a05 burse. Candida\u021bii\u00a0din \u021a\u0103rile din afara UE vor putea prezenta cererea\u00a0p\u00e2n\u0103 la 4 septembrie curent, iar candida\u021bii din \u021a\u0103rile UE\u00a0&#8211; p\u00e2n\u0103 la 1 octombrie curent.<\/p>\n<p>1 octombrie este \u0219i data p\u00e2n\u0103 la care se poate solicita una din bursele oferite de Ministerul italian al Afacerilor Externe \u0219i<br \/>Cooper\u0103rii Interna\u021bionale. Cele 5 burse vor avea o durat\u0103 de 6 luni \u00eencep\u00e2nd cu 1 ianuarie 2020, iar plata lunar\u0103 va fi de 900,00 EUR. Scopul Cursului de Master este cel de a preg\u0103ti profesioni\u0219ti de \u00eenalt nivel, care s\u0103 posede abilit\u0103\u021bi manageriale \u0219i economice specifice pentru lumea divertismentului.<\/p>\n<p>Pentru ambele concursuri, consulta\u021bi pagina web a Academiei de Arte \u0219i Meserii a Teatrului Scala din Milano: <a href=\"https:\/\/accademialascala.it\/news\/guida-iscrizione-selezioni\">https:\/\/accademialascala.it\/news\/guida-iscrizione-selezioni<\/a>.\u00a0 Persoanele interesate pot prezenta propria candidatur\u0103 pe acela\u0219i site.<\/p>\n<p>At\u00e2t candida\u021bii la bursele pentru cursul de perfec\u021bionare \u00een canto liric, c\u00e2t \u0219i cei pentru cursul de master vor trebui s\u0103 stipuleze \u00een mod independent o poli\u021b\u0103 de asigurare\u00a0pentru boli \u0219i accidente.<\/p>\n","protected":false},"excerpt":{"rendered":"A.A. 2019-2020 Ministerul italian al Afacerilor Externe \u0219i Cooper\u0103rii Interna\u021bionale ofer\u0103 burse la Cursul de perfec\u021bionare pentru c\u00e2nt\u0103re\u021bi de oper\u0103 \u0219i la Cursul de Master \u00een \u201dPerforming Arts Management\u201d la Academia de Arte \u0219i Meserii ale Spectacolului de pe l\u00e2ng\u0103 Teatrul de Oper\u0103 Scala dinMilano. Teatrul Scala din Milano este principalul teatru de oper\u0103 italian [&hellip;]","protected":false},"author":1,"featured_media":0,"comment_status":"","ping_status":"","sticky":false,"template":"","format":"standard","meta":{"footnotes":""},"tags":[],"class_list":["post-782","post","type-post","status-publish","format-standard","hentry"],"_links":{"self":[{"href":"https:\/\/ambchisinau.esteri.it\/ro\/wp-json\/wp\/v2\/posts\/782","targetHints":{"allow":["GET"]}}],"collection":[{"href":"https:\/\/ambchisinau.esteri.it\/ro\/wp-json\/wp\/v2\/posts"}],"about":[{"href":"https:\/\/ambchisinau.esteri.it\/ro\/wp-json\/wp\/v2\/types\/post"}],"author":[{"embeddable":true,"href":"https:\/\/ambchisinau.esteri.it\/ro\/wp-json\/wp\/v2\/users\/1"}],"replies":[{"embeddable":true,"href":"https:\/\/ambchisinau.esteri.it\/ro\/wp-json\/wp\/v2\/comments?post=782"}],"version-history":[{"count":0,"href":"https:\/\/ambchisinau.esteri.it\/ro\/wp-json\/wp\/v2\/posts\/782\/revisions"}],"wp:attachment":[{"href":"https:\/\/ambchisinau.esteri.it\/ro\/wp-json\/wp\/v2\/media?parent=782"}],"wp:term":[{"taxonomy":"post_tag","embeddable":true,"href":"https:\/\/ambchisinau.esteri.it\/ro\/wp-json\/wp\/v2\/tags?post=782"}],"curies":[{"name":"wp","href":"https:\/\/api.w.org\/{rel}","templated":true}]}}