{"id":884,"date":"2018-10-09T10:47:41","date_gmt":"2018-10-09T08:47:41","guid":{"rendered":"https:\/\/ambchisinau.esteri.it\/news\/dall_ambasciata\/2018\/10\/modifica-parziale-degli-orari-di-2\/"},"modified":"2018-10-09T10:47:41","modified_gmt":"2018-10-09T08:47:41","slug":"modifica-parziale-degli-orari-di-2","status":"publish","type":"post","link":"https:\/\/ambchisinau.esteri.it\/ro\/news\/dall_ambasciata\/2018\/10\/modifica-parziale-degli-orari-di-2\/","title":{"rendered":"Modific\u0103ri par\u021biale \u00een programul de lucru cu publicul"},"content":{"rendered":"<p>V\u0103 inform\u0103m despre modific\u0103rile par\u021biale \u00een programul de lucru cu publicul a ghi\u0219eelor acestei Ambasade,<br \/>care vor intra \u00een vigoare la 15 octombrie 2018.<br \/>\u00cencep\u00e2nd din aceast\u0103 dat\u0103, ghi\u0219eele vor fi \u00eenchise \u00een dup\u0103 amiezile zilelor de mar\u021bi, miercuri \u0219i vineri.<\/p>\n<p>Programul complet de lucru cu publicul al acestei Ambasade este disponibil pe pagina \u201dContacte\u201d, <a href=\"ro\/ambasciata\/gli_uffici\/\">acces\u00e2nd aici<\/a><\/p>\n","protected":false},"excerpt":{"rendered":"V\u0103 inform\u0103m despre modific\u0103rile par\u021biale \u00een programul de lucru cu publicul a ghi\u0219eelor acestei Ambasade,care vor intra \u00een vigoare la 15 octombrie 2018.\u00cencep\u00e2nd din aceast\u0103 dat\u0103, ghi\u0219eele vor fi \u00eenchise \u00een dup\u0103 amiezile zilelor de mar\u021bi, miercuri \u0219i vineri. Programul complet de lucru cu publicul al acestei Ambasade este disponibil pe pagina \u201dContacte\u201d, acces\u00e2nd aici","protected":false},"author":1,"featured_media":0,"comment_status":"","ping_status":"","sticky":false,"template":"","format":"standard","meta":{"footnotes":""},"tags":[],"class_list":["post-884","post","type-post","status-publish","format-standard","hentry"],"_links":{"self":[{"href":"https:\/\/ambchisinau.esteri.it\/ro\/wp-json\/wp\/v2\/posts\/884","targetHints":{"allow":["GET"]}}],"collection":[{"href":"https:\/\/ambchisinau.esteri.it\/ro\/wp-json\/wp\/v2\/posts"}],"about":[{"href":"https:\/\/ambchisinau.esteri.it\/ro\/wp-json\/wp\/v2\/types\/post"}],"author":[{"embeddable":true,"href":"https:\/\/ambchisinau.esteri.it\/ro\/wp-json\/wp\/v2\/users\/1"}],"replies":[{"embeddable":true,"href":"https:\/\/ambchisinau.esteri.it\/ro\/wp-json\/wp\/v2\/comments?post=884"}],"version-history":[{"count":0,"href":"https:\/\/ambchisinau.esteri.it\/ro\/wp-json\/wp\/v2\/posts\/884\/revisions"}],"wp:attachment":[{"href":"https:\/\/ambchisinau.esteri.it\/ro\/wp-json\/wp\/v2\/media?parent=884"}],"wp:term":[{"taxonomy":"post_tag","embeddable":true,"href":"https:\/\/ambchisinau.esteri.it\/ro\/wp-json\/wp\/v2\/tags?post=884"}],"curies":[{"name":"wp","href":"https:\/\/api.w.org\/{rel}","templated":true}]}}